{"id":1227,"date":"2019-03-02T21:29:19","date_gmt":"2019-03-02T21:29:19","guid":{"rendered":"http:\/\/www.radnotiiskola.hu\/new\/?p=1227"},"modified":"2019-03-02T21:29:52","modified_gmt":"2019-03-02T21:29:52","slug":"dok-verseny","status":"publish","type":"post","link":"http:\/\/www.radnotiiskola.hu\/new\/2019\/03\/02\/dok-verseny\/","title":{"rendered":"D\u00d6K-VERSENY"},"content":{"rendered":"<p><img loading=\"lazy\" decoding=\"async\" class=\"size-medium wp-image-1228 alignright\" src=\"http:\/\/www.radnotiiskola.hu\/new\/wp-content\/uploads\/2019\/03\/1-300x225.png\" alt=\"\" width=\"300\" height=\"225\" srcset=\"http:\/\/www.radnotiiskola.hu\/new\/wp-content\/uploads\/2019\/03\/1-300x225.png 300w, http:\/\/www.radnotiiskola.hu\/new\/wp-content\/uploads\/2019\/03\/1.png 605w\" sizes=\"auto, (max-width: 300px) 100vw, 300px\" \/>Az \u00e9v folyam\u00e1n iskol\u00e1nk Di\u00e1k\u00f6nkorm\u00e1nyzata tanulm\u00e1nyi versenyt hirdetett az oszt\u00e1lyok \u00e9s a tanul\u00f3k k\u00f6z\u00f6tt. Melyt\u0151l a tanul\u00f3i motiv\u00e1ci\u00f3 \u00e9s \u00f6nbizalom fejl\u0151d\u00e9s\u00e9t v\u00e1rtuk.<\/p>\n<p>Havonta az oszt\u00e1lyf\u0151n\u00f6k\u00f6k seg\u00edts\u00e9g\u00e9vel kif\u00fcggeszt\u00e9sre \u2013 fali\u00fajs\u00e1g &#8211; ker\u00fcltek a legjobb tanulm\u00e1nyi eredm\u00e9nyt el\u00e9r\u0151 tanul\u00f3k, s az \u00f6nmagukhoz k\u00e9pest legt\u00f6bbet fejl\u0151d\u0151 di\u00e1kok is. Nev\u00fck az iskolar\u00e1di\u00f3ban is elhangzott!<!--more--><\/p>\n<p>A 2019. febru\u00e1r 19-\u00e9n tartott D\u00d6K-f\u00f3rumon a 2018-2019-es tan\u00e9v els\u0151 f\u00e9l\u00e9v\u00e9ben kiv\u00e1l\u00f3 tanulm\u00e1nyi munk\u00e1t el\u00e9rt tanul\u00f3inkat jutalmaztuk (oklev\u00e9l, igazgat\u00f3i dics\u00e9ret, sz\u00e9p toll).<\/p>\n<p>Gratul\u00e1lunk a legjobbaknak!<\/p>\n<p>Fogarasi Zorka, Sikl\u00f3si Anna (1. a), \u00c1rp\u00e1si Amanda, Luk\u00e1csi \u00c1d\u00e1m (2. a), Fogarasi L\u00e9na, Detrik N\u00e1rcisz (3. a), V\u00f6r\u00f6s J\u00e1zmin, Ol\u00e1h Bal\u00e1zs (4. a), Jank\u00f3 Andrea, Varga R\u00e9ka (5. a), Rajput Behjat, Vill\u00e1nyi P\u00e9ter (6. a), Z\u00e1dori Fanni, P\u00f3czik \u00c1ron (7. a), Sreiner Kinga \u00e9s Gy\u0151ri Cintia (8. a)<\/p>\n<p><em>S\u00fct\u00f6rin\u00e9 Hada Ildik\u00f3<\/em><br \/>\n<em>D\u00d6K-vezet\u0151<\/em><\/p>\n","protected":false},"excerpt":{"rendered":"<p>Az \u00e9v folyam\u00e1n iskol\u00e1nk Di\u00e1k\u00f6nkorm\u00e1nyzata tanulm\u00e1nyi versenyt hirdetett az oszt\u00e1lyok \u00e9s a tanul\u00f3k k\u00f6z\u00f6tt. Melyt\u0151l a tanul\u00f3i motiv\u00e1ci\u00f3 \u00e9s \u00f6nbizalom fejl\u0151d\u00e9s\u00e9t v\u00e1rtuk. Havonta az oszt\u00e1lyf\u0151n\u00f6k\u00f6k seg\u00edts\u00e9g\u00e9vel kif\u00fcggeszt\u00e9sre \u2013 fali\u00fajs\u00e1g &#8211; ker\u00fcltek a legjobb tanulm\u00e1nyi eredm\u00e9nyt el\u00e9r\u0151 tanul\u00f3k, s az \u00f6nmagukhoz k\u00e9pest legt\u00f6bbet fejl\u0151d\u0151 di\u00e1kok is. Nev\u00fck az iskolar\u00e1di\u00f3ban is elhangzott!<\/p>\n","protected":false},"author":1,"featured_media":0,"comment_status":"closed","ping_status":"open","sticky":false,"template":"","format":"standard","meta":{"ngg_post_thumbnail":0,"footnotes":""},"categories":[1],"tags":[],"class_list":["post-1227","post","type-post","status-publish","format-standard","hentry","category-egyeb"],"_links":{"self":[{"href":"http:\/\/www.radnotiiskola.hu\/new\/wp-json\/wp\/v2\/posts\/1227","targetHints":{"allow":["GET"]}}],"collection":[{"href":"http:\/\/www.radnotiiskola.hu\/new\/wp-json\/wp\/v2\/posts"}],"about":[{"href":"http:\/\/www.radnotiiskola.hu\/new\/wp-json\/wp\/v2\/types\/post"}],"author":[{"embeddable":true,"href":"http:\/\/www.radnotiiskola.hu\/new\/wp-json\/wp\/v2\/users\/1"}],"replies":[{"embeddable":true,"href":"http:\/\/www.radnotiiskola.hu\/new\/wp-json\/wp\/v2\/comments?post=1227"}],"version-history":[{"count":0,"href":"http:\/\/www.radnotiiskola.hu\/new\/wp-json\/wp\/v2\/posts\/1227\/revisions"}],"wp:attachment":[{"href":"http:\/\/www.radnotiiskola.hu\/new\/wp-json\/wp\/v2\/media?parent=1227"}],"wp:term":[{"taxonomy":"category","embeddable":true,"href":"http:\/\/www.radnotiiskola.hu\/new\/wp-json\/wp\/v2\/categories?post=1227"},{"taxonomy":"post_tag","embeddable":true,"href":"http:\/\/www.radnotiiskola.hu\/new\/wp-json\/wp\/v2\/tags?post=1227"}],"curies":[{"name":"wp","href":"https:\/\/api.w.org\/{rel}","templated":true}]}}