{"id":1232,"date":"2019-03-18T14:16:49","date_gmt":"2019-03-18T14:16:49","guid":{"rendered":"http:\/\/www.radnotiiskola.hu\/new\/?p=1232"},"modified":"2019-03-18T14:16:49","modified_gmt":"2019-03-18T14:16:49","slug":"szakmai-nap","status":"publish","type":"post","link":"http:\/\/www.radnotiiskola.hu\/new\/2019\/03\/18\/szakmai-nap\/","title":{"rendered":"Szakmai nap"},"content":{"rendered":"<p>Iskol\u00e1nkban 2019. m\u00e1rcius 20-\u00e1n szakmai nap ker\u00fcl megrendez\u00e9sre.<!--more--><\/p>\n<p><img loading=\"lazy\" decoding=\"async\" class=\"alignnone wp-image-1233 size-full\" src=\"http:\/\/www.radnotiiskola.hu\/new\/wp-content\/uploads\/2019\/03\/megh\u00edv\u00f3.gif\" alt=\"\" width=\"460\" height=\"614\" \/><\/p>\n","protected":false},"excerpt":{"rendered":"<p>Iskol\u00e1nkban 2019. m\u00e1rcius 20-\u00e1n szakmai nap ker\u00fcl megrendez\u00e9sre.<\/p>\n","protected":false},"author":1,"featured_media":0,"comment_status":"closed","ping_status":"open","sticky":false,"template":"","format":"standard","meta":{"ngg_post_thumbnail":0,"footnotes":""},"categories":[1],"tags":[],"class_list":["post-1232","post","type-post","status-publish","format-standard","hentry","category-egyeb"],"_links":{"self":[{"href":"http:\/\/www.radnotiiskola.hu\/new\/wp-json\/wp\/v2\/posts\/1232","targetHints":{"allow":["GET"]}}],"collection":[{"href":"http:\/\/www.radnotiiskola.hu\/new\/wp-json\/wp\/v2\/posts"}],"about":[{"href":"http:\/\/www.radnotiiskola.hu\/new\/wp-json\/wp\/v2\/types\/post"}],"author":[{"embeddable":true,"href":"http:\/\/www.radnotiiskola.hu\/new\/wp-json\/wp\/v2\/users\/1"}],"replies":[{"embeddable":true,"href":"http:\/\/www.radnotiiskola.hu\/new\/wp-json\/wp\/v2\/comments?post=1232"}],"version-history":[{"count":0,"href":"http:\/\/www.radnotiiskola.hu\/new\/wp-json\/wp\/v2\/posts\/1232\/revisions"}],"wp:attachment":[{"href":"http:\/\/www.radnotiiskola.hu\/new\/wp-json\/wp\/v2\/media?parent=1232"}],"wp:term":[{"taxonomy":"category","embeddable":true,"href":"http:\/\/www.radnotiiskola.hu\/new\/wp-json\/wp\/v2\/categories?post=1232"},{"taxonomy":"post_tag","embeddable":true,"href":"http:\/\/www.radnotiiskola.hu\/new\/wp-json\/wp\/v2\/tags?post=1232"}],"curies":[{"name":"wp","href":"https:\/\/api.w.org\/{rel}","templated":true}]}}