{"id":1237,"date":"2019-03-24T06:32:04","date_gmt":"2019-03-24T06:32:04","guid":{"rendered":"http:\/\/www.radnotiiskola.hu\/new\/?p=1237"},"modified":"2019-03-24T06:32:04","modified_gmt":"2019-03-24T06:32:04","slug":"tavaszi-szunet","status":"publish","type":"post","link":"http:\/\/www.radnotiiskola.hu\/new\/2019\/03\/24\/tavaszi-szunet\/","title":{"rendered":"Tavaszi sz\u00fcnet"},"content":{"rendered":"<p>Az I. sz. Gazdas\u00e1gi \u00e9s M\u0171k\u00f6dtet\u0151 K\u00f6zpont t\u00e1j\u00e9koztat\u00e1sa szerint, a 2018\/19-es tan\u00e9v tavaszi sz\u00fcnet\u00e9hez kapcsol\u00f3d\u00f3 napk\u00f6zis ell\u00e1t\u00e1st az \u00e1ltal\u00e1nos iskolai tanul\u00f3k sz\u00fclei a tavaszi sz\u00fcnetre es\u0151 munkanapokra az al\u00e1bbiak szerint ig\u00e9nyelhetik:<!--more--><\/p>\n<p><strong>szem\u00e9lyes d\u00edjbeszed\u00e9si alkalmakkor a<\/strong><\/p>\n<ul>\n<li>\u00e1prilis 18. \u00e9s \u00e1prilis 23. munkanapokra m\u00e1rciusban,<\/li>\n<\/ul>\n<p><strong>elektronikus \u00faton<\/strong><\/p>\n<ul>\n<li>a <a href=\"mailto:menza@gek.hu\">menza@gek.hu<\/a> c\u00edmen az iskola, a gyermek nev\u00e9nek, oszt\u00e1ly\u00e1nak, a sz\u00fcl\u0151 el\u00e9rhet\u0151s\u00e9g\u00e9nek, valamint az ig\u00e9nybeveend\u0151 napoknak a megjel\u00f6l\u00e9s\u00e9vel.<\/li>\n<\/ul>\n<p>A napk\u00f6zis ell\u00e1t\u00e1st a Kr\u00fady \u00c9tteremben (Gy\u0151r, \u00d6rk\u00e9ny u. 10) szervezik. (NEM A KR\u00daDY ISKOL\u00c1BAN)<\/p>\n<p>T\u00e1j\u00e9koztatom tov\u00e1bb\u00e1, hogy a d\u00edjbeszed\u00e9shez, valamint a sz\u00fcnidei ell\u00e1t\u00e1shoz kapcsol\u00f3d\u00f3 inform\u00e1ci\u00f3k a <a href=\"http:\/\/www.gek.hu\">www.gek.hu<\/a> honlapon is el\u00e9rhet\u0151k.<\/p>\n","protected":false},"excerpt":{"rendered":"<p>Az I. sz. Gazdas\u00e1gi \u00e9s M\u0171k\u00f6dtet\u0151 K\u00f6zpont t\u00e1j\u00e9koztat\u00e1sa szerint, a 2018\/19-es tan\u00e9v tavaszi sz\u00fcnet\u00e9hez kapcsol\u00f3d\u00f3 napk\u00f6zis ell\u00e1t\u00e1st az \u00e1ltal\u00e1nos iskolai tanul\u00f3k sz\u00fclei a tavaszi sz\u00fcnetre es\u0151 munkanapokra az al\u00e1bbiak szerint ig\u00e9nyelhetik:<\/p>\n","protected":false},"author":1,"featured_media":0,"comment_status":"closed","ping_status":"open","sticky":false,"template":"","format":"standard","meta":{"ngg_post_thumbnail":0,"footnotes":""},"categories":[1],"tags":[],"class_list":["post-1237","post","type-post","status-publish","format-standard","hentry","category-egyeb"],"_links":{"self":[{"href":"http:\/\/www.radnotiiskola.hu\/new\/wp-json\/wp\/v2\/posts\/1237","targetHints":{"allow":["GET"]}}],"collection":[{"href":"http:\/\/www.radnotiiskola.hu\/new\/wp-json\/wp\/v2\/posts"}],"about":[{"href":"http:\/\/www.radnotiiskola.hu\/new\/wp-json\/wp\/v2\/types\/post"}],"author":[{"embeddable":true,"href":"http:\/\/www.radnotiiskola.hu\/new\/wp-json\/wp\/v2\/users\/1"}],"replies":[{"embeddable":true,"href":"http:\/\/www.radnotiiskola.hu\/new\/wp-json\/wp\/v2\/comments?post=1237"}],"version-history":[{"count":0,"href":"http:\/\/www.radnotiiskola.hu\/new\/wp-json\/wp\/v2\/posts\/1237\/revisions"}],"wp:attachment":[{"href":"http:\/\/www.radnotiiskola.hu\/new\/wp-json\/wp\/v2\/media?parent=1237"}],"wp:term":[{"taxonomy":"category","embeddable":true,"href":"http:\/\/www.radnotiiskola.hu\/new\/wp-json\/wp\/v2\/categories?post=1237"},{"taxonomy":"post_tag","embeddable":true,"href":"http:\/\/www.radnotiiskola.hu\/new\/wp-json\/wp\/v2\/tags?post=1237"}],"curies":[{"name":"wp","href":"https:\/\/api.w.org\/{rel}","templated":true}]}}