{"id":1239,"date":"2019-03-24T07:03:15","date_gmt":"2019-03-24T07:03:15","guid":{"rendered":"http:\/\/www.radnotiiskola.hu\/new\/?p=1239"},"modified":"2019-03-24T20:33:58","modified_gmt":"2019-03-24T20:33:58","slug":"marcius-15","status":"publish","type":"post","link":"http:\/\/www.radnotiiskola.hu\/new\/2019\/03\/24\/marcius-15\/","title":{"rendered":"M\u00e1rcius 15."},"content":{"rendered":"<p><img loading=\"lazy\" decoding=\"async\" class=\"alignright wp-image-1240 size-medium\" src=\"http:\/\/www.radnotiiskola.hu\/new\/wp-content\/uploads\/2019\/03\/1-1-300x224.png\" alt=\"\" width=\"300\" height=\"224\" srcset=\"http:\/\/www.radnotiiskola.hu\/new\/wp-content\/uploads\/2019\/03\/1-1-300x224.png 300w, http:\/\/www.radnotiiskola.hu\/new\/wp-content\/uploads\/2019\/03\/1-1.png 369w\" sizes=\"auto, (max-width: 300px) 100vw, 300px\" \/>1848 M\u00c1RCIUSA AZ \u00d6R\u00d6K TAVASZ<\/p>\n<p><em>\u201eTudd meg: szabad csak az, akit<\/em><br \/>\n<em>Sz\u00f3 nem but\u00edt, f\u00e9ny nem vak\u00edt,<\/em><br \/>\n<em>Se rang, se kincs nem veszteget meg.<\/em><br \/>\n<em>Az, aki ny\u00edltan gy\u0171l\u00f6lhet, szerethet,<\/em><br \/>\n<em>A l\u00e1tszatot len\u00e9zi, meg nem \u00f3vja,<\/em><br \/>\n<em>Nincs letagadni, titkolni val\u00f3ja.\u201d<\/em><\/p>\n<p>(Heltai Jen\u0151)<\/p>\n<p><!--more--><\/p>\n<p style=\"text-align: justify;\">171 \u00e9vvel ezel\u0151tt forradalom volt az orsz\u00e1gban. Akkor a mindennapjainkban \u00edr\u00f3dott a t\u00f6rt\u00e9nelem: az utc\u00e1kon, a tereken, a Pilvaxban, az egyetemn\u00e9l, a Landerer nyomd\u00e1n\u00e1l, a Nemzeti M\u00fazeum el\u0151tt, a Helytart\u00f3tan\u00e1csn\u00e1l a budai v\u00e1rban, T\u00e1ncsics b\u00f6rt\u00f6n\u00e9n\u00e9l, a Nemzeti Sz\u00ednh\u00e1zn<\/p>\n<p><img loading=\"lazy\" decoding=\"async\" class=\"size-medium wp-image-1241 alignright\" style=\"text-align: justify;\" src=\"http:\/\/www.radnotiiskola.hu\/new\/wp-content\/uploads\/2019\/03\/2-300x225.png\" alt=\"\" width=\"300\" height=\"225\" srcset=\"http:\/\/www.radnotiiskola.hu\/new\/wp-content\/uploads\/2019\/03\/2-300x225.png 300w, http:\/\/www.radnotiiskola.hu\/new\/wp-content\/uploads\/2019\/03\/2.png 456w\" sizes=\"auto, (max-width: 300px) 100vw, 300px\" \/><\/p>\n<p style=\"text-align: justify;\">\u00e1l\u2026<\/p>\n<p style=\"text-align: justify;\">\u201eRabok tov\u00e1bb nem lesz\u00fcnk!\u201d- z\u00fagta az utc\u00e1kon vonul\u00f3 embert\u00f6meg, mely nemzett\u00e9 kov\u00e1csol\u00f3dott, s a 12 pontot k\u00f6vetelte. A nemzetbe vetett hit, s a szabads\u00e1g ir\u00e1nti v\u00e1gy csod\u00e1kra volt k\u00e9pes.<\/p>\n<p style=\"text-align: justify;\">B\u00e1r a szabads\u00e1gharc v\u00e9g\u00fcl elbukott, \u201948 beiv\u00f3dott a lelk\u00fcnkbe, az elm\u00e9nkbe. Ez a nap a szabads\u00e1g, a hazaszeretet \u00e9s a f\u00fcggetlens\u00e9g Nemzeti \u00dcnnep\u00e9v\u00e9 n\u0151tte ki mag\u00e1t.<\/p>\n<p style=\"text-align: justify;\">Fontos, hogy p\u00e9ldak\u00e9nt tekints\u00fcnk az ifjakra. Ez\u00e9rt b\u00e1rhol is j\u00e1runk a vil\u00e1gban, t\u0171zz\u00fck mell\u00fcnkre a kok\u00e1rd\u00e1t, eml\u00e9kezz\u00fcnk el\u0151deinkre, s mondjunk k\u00f6sz\u00f6netet a szabads\u00e1g\u00e9rt!<\/p>\n<p>\u00cdgy tettek iskol\u00e1nk di\u00e1k-\u00f6nkorm\u00e1nyzat\u00e1nak 2. \u00e9vfolyamos k\u00e9pvisel\u0151i, amikor tisztelet\u00fcket r\u00f3tt\u00e1k le az E\u00f6tv\u00f6s parkban \u00e1ll\u00f3 Pet\u0151fi-szoborn\u00e1l, ahol elszavalt\u00e1k Pet\u0151fi lelkes\u00edt\u0151 k\u00f6ltem\u00e9ny\u00e9t a Nemzeti dalt!<\/p>\n<p><em><a href=\"https:\/\/drive.google.com\/open?id=1QuWA2XQ9yYz4rLQUQ1lThlJkYyPzOFx5\"><img loading=\"lazy\" decoding=\"async\" class=\"size-medium wp-image-1258 aligncenter\" src=\"http:\/\/www.radnotiiskola.hu\/new\/wp-content\/uploads\/2019\/03\/vide\u00f3-300x167.png\" alt=\"\" width=\"300\" height=\"167\" srcset=\"http:\/\/www.radnotiiskola.hu\/new\/wp-content\/uploads\/2019\/03\/vide\u00f3-300x167.png 300w, http:\/\/www.radnotiiskola.hu\/new\/wp-content\/uploads\/2019\/03\/vide\u00f3.png 640w\" sizes=\"auto, (max-width: 300px) 100vw, 300px\" \/><\/a>S\u00fct\u00f6rin\u00e9 Hada Ildik\u00f3<\/em><br \/>\n<em>D\u00d6K-vezet\u0151<\/em><\/p>\n<figure id=\"attachment_1243\" class=\"thumbnail wp-caption alignnone\" style=\"width: 235px\"><img loading=\"lazy\" decoding=\"async\" class=\"size-medium wp-image-1243\" src=\"http:\/\/www.radnotiiskola.hu\/new\/wp-content\/uploads\/2019\/03\/IMG_20190314_115012-225x300.jpg\" alt=\"\" width=\"225\" height=\"300\" srcset=\"http:\/\/www.radnotiiskola.hu\/new\/wp-content\/uploads\/2019\/03\/IMG_20190314_115012-225x300.jpg 225w, http:\/\/www.radnotiiskola.hu\/new\/wp-content\/uploads\/2019\/03\/IMG_20190314_115012.jpg 768w\" sizes=\"auto, (max-width: 225px) 100vw, 225px\" \/><figcaption class=\"caption wp-caption-text\"><img loading=\"lazy\" decoding=\"async\" class=\"size-medium wp-image-1244\" style=\"font-size: 16px;\" src=\"http:\/\/www.radnotiiskola.hu\/new\/wp-content\/uploads\/2019\/03\/IMG_20190314_115336-225x300.jpg\" alt=\"\" width=\"225\" height=\"300\" srcset=\"http:\/\/www.radnotiiskola.hu\/new\/wp-content\/uploads\/2019\/03\/IMG_20190314_115336-225x300.jpg 225w, http:\/\/www.radnotiiskola.hu\/new\/wp-content\/uploads\/2019\/03\/IMG_20190314_115336.jpg 768w\" sizes=\"auto, (max-width: 225px) 100vw, 225px\" \/><\/figcaption><\/figure>\n<p><img loading=\"lazy\" decoding=\"async\" class=\"size-medium wp-image-1245\" style=\"font-size: 16px;\" src=\"http:\/\/www.radnotiiskola.hu\/new\/wp-content\/uploads\/2019\/03\/IMG_20190314_115404-300x225.jpg\" alt=\"\" width=\"300\" height=\"225\" srcset=\"http:\/\/www.radnotiiskola.hu\/new\/wp-content\/uploads\/2019\/03\/IMG_20190314_115404-300x225.jpg 300w, http:\/\/www.radnotiiskola.hu\/new\/wp-content\/uploads\/2019\/03\/IMG_20190314_115404-768x576.jpg 768w, http:\/\/www.radnotiiskola.hu\/new\/wp-content\/uploads\/2019\/03\/IMG_20190314_115404.jpg 1024w\" sizes=\"auto, (max-width: 300px) 100vw, 300px\" \/><\/p>\n<p><img loading=\"lazy\" decoding=\"async\" class=\"size-medium wp-image-1246\" style=\"font-size: 16px;\" src=\"http:\/\/www.radnotiiskola.hu\/new\/wp-content\/uploads\/2019\/03\/IMG_20190314_115658-225x300.jpg\" alt=\"\" width=\"225\" height=\"300\" srcset=\"http:\/\/www.radnotiiskola.hu\/new\/wp-content\/uploads\/2019\/03\/IMG_20190314_115658-225x300.jpg 225w, http:\/\/www.radnotiiskola.hu\/new\/wp-content\/uploads\/2019\/03\/IMG_20190314_115658.jpg 768w\" sizes=\"auto, (max-width: 225px) 100vw, 225px\" \/><\/p>\n<p><img loading=\"lazy\" decoding=\"async\" class=\"size-medium wp-image-1247\" style=\"font-size: 16px;\" src=\"http:\/\/www.radnotiiskola.hu\/new\/wp-content\/uploads\/2019\/03\/IMG_20190314_115709-300x225.jpg\" alt=\"\" width=\"300\" height=\"225\" srcset=\"http:\/\/www.radnotiiskola.hu\/new\/wp-content\/uploads\/2019\/03\/IMG_20190314_115709-300x225.jpg 300w, http:\/\/www.radnotiiskola.hu\/new\/wp-content\/uploads\/2019\/03\/IMG_20190314_115709-768x576.jpg 768w, http:\/\/www.radnotiiskola.hu\/new\/wp-content\/uploads\/2019\/03\/IMG_20190314_115709.jpg 1024w\" sizes=\"auto, (max-width: 300px) 100vw, 300px\" \/><\/p>\n<p><img loading=\"lazy\" decoding=\"async\" class=\"size-medium wp-image-1248\" style=\"font-size: 16px;\" src=\"http:\/\/www.radnotiiskola.hu\/new\/wp-content\/uploads\/2019\/03\/IMG_20190314_115805-300x225.jpg\" alt=\"\" width=\"300\" height=\"225\" srcset=\"http:\/\/www.radnotiiskola.hu\/new\/wp-content\/uploads\/2019\/03\/IMG_20190314_115805-300x225.jpg 300w, http:\/\/www.radnotiiskola.hu\/new\/wp-content\/uploads\/2019\/03\/IMG_20190314_115805-768x576.jpg 768w, http:\/\/www.radnotiiskola.hu\/new\/wp-content\/uploads\/2019\/03\/IMG_20190314_115805.jpg 1024w\" sizes=\"auto, (max-width: 300px) 100vw, 300px\" \/><\/p>\n<p><img loading=\"lazy\" decoding=\"async\" class=\"size-medium wp-image-1249\" style=\"font-size: 16px;\" src=\"http:\/\/www.radnotiiskola.hu\/new\/wp-content\/uploads\/2019\/03\/IMG_20190314_120211-300x225.jpg\" alt=\"\" width=\"300\" height=\"225\" srcset=\"http:\/\/www.radnotiiskola.hu\/new\/wp-content\/uploads\/2019\/03\/IMG_20190314_120211-300x225.jpg 300w, http:\/\/www.radnotiiskola.hu\/new\/wp-content\/uploads\/2019\/03\/IMG_20190314_120211-768x576.jpg 768w, http:\/\/www.radnotiiskola.hu\/new\/wp-content\/uploads\/2019\/03\/IMG_20190314_120211.jpg 1024w\" sizes=\"auto, (max-width: 300px) 100vw, 300px\" \/><\/p>\n<p><img loading=\"lazy\" decoding=\"async\" class=\"size-medium wp-image-1250\" style=\"font-size: 16px;\" src=\"http:\/\/www.radnotiiskola.hu\/new\/wp-content\/uploads\/2019\/03\/IMG_20190314_120351-300x225.jpg\" alt=\"\" width=\"300\" height=\"225\" srcset=\"http:\/\/www.radnotiiskola.hu\/new\/wp-content\/uploads\/2019\/03\/IMG_20190314_120351-300x225.jpg 300w, http:\/\/www.radnotiiskola.hu\/new\/wp-content\/uploads\/2019\/03\/IMG_20190314_120351-768x576.jpg 768w, http:\/\/www.radnotiiskola.hu\/new\/wp-content\/uploads\/2019\/03\/IMG_20190314_120351.jpg 1024w\" sizes=\"auto, (max-width: 300px) 100vw, 300px\" \/><\/p>\n<p><img loading=\"lazy\" decoding=\"async\" class=\"size-medium wp-image-1251\" style=\"font-size: 16px;\" src=\"http:\/\/www.radnotiiskola.hu\/new\/wp-content\/uploads\/2019\/03\/IMG_20190314_120501-300x225.jpg\" alt=\"\" width=\"300\" height=\"225\" srcset=\"http:\/\/www.radnotiiskola.hu\/new\/wp-content\/uploads\/2019\/03\/IMG_20190314_120501-300x225.jpg 300w, http:\/\/www.radnotiiskola.hu\/new\/wp-content\/uploads\/2019\/03\/IMG_20190314_120501-768x576.jpg 768w, http:\/\/www.radnotiiskola.hu\/new\/wp-content\/uploads\/2019\/03\/IMG_20190314_120501.jpg 1024w\" sizes=\"auto, (max-width: 300px) 100vw, 300px\" \/><\/p>\n<p><img loading=\"lazy\" decoding=\"async\" class=\"size-medium wp-image-1252\" style=\"font-size: 16px;\" src=\"http:\/\/www.radnotiiskola.hu\/new\/wp-content\/uploads\/2019\/03\/IMG_20190314_120634-300x225.jpg\" alt=\"\" width=\"300\" height=\"225\" srcset=\"http:\/\/www.radnotiiskola.hu\/new\/wp-content\/uploads\/2019\/03\/IMG_20190314_120634-300x225.jpg 300w, http:\/\/www.radnotiiskola.hu\/new\/wp-content\/uploads\/2019\/03\/IMG_20190314_120634-768x576.jpg 768w, http:\/\/www.radnotiiskola.hu\/new\/wp-content\/uploads\/2019\/03\/IMG_20190314_120634.jpg 1024w\" sizes=\"auto, (max-width: 300px) 100vw, 300px\" \/><\/p>\n","protected":false},"excerpt":{"rendered":"<p>1848 M\u00c1RCIUSA AZ \u00d6R\u00d6K TAVASZ \u201eTudd meg: szabad csak az, akit Sz\u00f3 nem but\u00edt, f\u00e9ny nem vak\u00edt, Se rang, se kincs nem veszteget meg. Az, aki ny\u00edltan gy\u0171l\u00f6lhet, szerethet, A l\u00e1tszatot len\u00e9zi, meg nem \u00f3vja, Nincs letagadni, titkolni val\u00f3ja.\u201d (Heltai Jen\u0151)<\/p>\n","protected":false},"author":1,"featured_media":0,"comment_status":"closed","ping_status":"open","sticky":false,"template":"","format":"standard","meta":{"ngg_post_thumbnail":0,"footnotes":""},"categories":[1],"tags":[],"class_list":["post-1239","post","type-post","status-publish","format-standard","hentry","category-egyeb"],"_links":{"self":[{"href":"http:\/\/www.radnotiiskola.hu\/new\/wp-json\/wp\/v2\/posts\/1239","targetHints":{"allow":["GET"]}}],"collection":[{"href":"http:\/\/www.radnotiiskola.hu\/new\/wp-json\/wp\/v2\/posts"}],"about":[{"href":"http:\/\/www.radnotiiskola.hu\/new\/wp-json\/wp\/v2\/types\/post"}],"author":[{"embeddable":true,"href":"http:\/\/www.radnotiiskola.hu\/new\/wp-json\/wp\/v2\/users\/1"}],"replies":[{"embeddable":true,"href":"http:\/\/www.radnotiiskola.hu\/new\/wp-json\/wp\/v2\/comments?post=1239"}],"version-history":[{"count":0,"href":"http:\/\/www.radnotiiskola.hu\/new\/wp-json\/wp\/v2\/posts\/1239\/revisions"}],"wp:attachment":[{"href":"http:\/\/www.radnotiiskola.hu\/new\/wp-json\/wp\/v2\/media?parent=1239"}],"wp:term":[{"taxonomy":"category","embeddable":true,"href":"http:\/\/www.radnotiiskola.hu\/new\/wp-json\/wp\/v2\/categories?post=1239"},{"taxonomy":"post_tag","embeddable":true,"href":"http:\/\/www.radnotiiskola.hu\/new\/wp-json\/wp\/v2\/tags?post=1239"}],"curies":[{"name":"wp","href":"https:\/\/api.w.org\/{rel}","templated":true}]}}