{"id":1261,"date":"2019-03-25T08:19:34","date_gmt":"2019-03-25T08:19:34","guid":{"rendered":"http:\/\/www.radnotiiskola.hu\/new\/?p=1261"},"modified":"2019-03-25T08:19:34","modified_gmt":"2019-03-25T08:19:34","slug":"penz7","status":"publish","type":"post","link":"http:\/\/www.radnotiiskola.hu\/new\/2019\/03\/25\/penz7\/","title":{"rendered":"P\u00e9nz7"},"content":{"rendered":"<p style=\"text-align: justify;\"><img loading=\"lazy\" decoding=\"async\" class=\"size-full wp-image-1262 alignright\" src=\"http:\/\/www.radnotiiskola.hu\/new\/wp-content\/uploads\/2019\/03\/p\u00e9nz7_legkisebb.jpg\" alt=\"\" width=\"189\" height=\"250\" \/>Ebben a tan\u00e9vben ism\u00e9t csatlakoztunk a p\u00e9nz\u00fcgyi \u00e9s v\u00e1llalkoz\u00f3i t\u00e9mah\u00e9thez, a <strong>P\u00e9nz7-hez<\/strong>, amely az European Money Week \u00e9s a Global Money Week nemzetk\u00f6zi programokhoz is kapcsol\u00f3dik. A program c\u00e9lja, hogy a di\u00e1kok tudatosabban kezelj\u00e9k p\u00e9nz\u00fcgyeiket, a h\u00e9tk\u00f6znapi \u00e9letben is hasznos\u00edthat\u00f3 ismeretekhez jussanak a gazdas\u00e1g \u00e9s a p\u00e9nzvil\u00e1g m\u0171k\u00f6d\u00e9s\u00e9r\u0151l.<!--more--><\/p>\n<p style=\"text-align: justify;\">A t\u00e9mah\u00e9ten 3-7. \u00e9vfolyamosaink p\u00e9nz\u00fcgyi, 8. \u00e9vfolyamosaink v\u00e1llalkoz\u00f3i ismereteit gyarap\u00edtottuk. Az \u00e9v p\u00e9nz\u00fcgyi t\u00e9m\u00e1ja, az <strong>\u201eOkosan a befektet\u00e9sekr\u0151l\u201d<\/strong> volt, amely mellett 8. oszt\u00e1lyosaink \u00f3r\u00e1in a v\u00e1llalkoz\u00f3i kompetenciafejleszt\u00e9s \u00e9s a v\u00e1llalkoz\u00f3i ismeretek \u00e9lm\u00e9nyalap\u00fa bevezet\u00e9se is helyet kapott.<\/p>\n<p style=\"text-align: justify;\">A P\u00e9nz7 tan\u00f3r\u00e1in a di\u00e1kok j\u00e1t\u00e9kos form\u00e1ban, \u00e9lm\u00e9nyszer\u0171en saj\u00e1t\u00edthatt\u00e1k el a p\u00e9nz\u00fcgyi ismereteket.<\/p>\n<p style=\"text-align: justify;\">5-7.oszt\u00e1lyosaink m\u00e9rlegk\u00e9pek alapj\u00e1n csal\u00e1dok bev\u00e9tel \u00e9s kiad\u00e1s kapcsolatait elemezt\u00e9k, felismert\u00e9k a megtakar\u00edt\u00e1s lehet\u0151s\u00e9g\u00e9t. A csal\u00e1dok havi, illetve \u00e9vi megtakar\u00edt\u00e1sait hat\u00e1rozt\u00e1k meg. N\u00e9h\u00e1ny befektet\u00e9si form\u00e1t ismertek meg \u00e9s \u00f6sszerendelt\u00e9k a megtakar\u00edt\u00e1si c\u00e9lokkal.<\/p>\n<p style=\"text-align: justify;\">7. \u00e9vfolyamon a kock\u00e1zat \u00e9s a hozam fogalm\u00e1nak bevezet\u00e9s\u00e9re, a befektet\u00e9sek hozam\u00e1nak \u00e9s kock\u00e1zat\u00e1nak meghat\u00e1roz\u00e1s\u00e1ra is sor ker\u00fclt.<\/p>\n<p style=\"text-align: justify;\">Az oszt\u00e1lyf\u0151n\u00f6ki \u00e9s matematika \u00f3r\u00e1k keret\u00e9ben megval\u00f3sul\u00f3 \u00e9lm\u00e9nyalap\u00fa tan\u00f3rai anyagok seg\u00edts\u00e9g\u00e9vel a pedag\u00f3gusok interakt\u00edv m\u00f3dszerekkel ismertett\u00e9k meg a di\u00e1kokat a p\u00e9nz\u00fcgyi alapfogalmakkal. Sor ker\u00fclt a befektet\u00e9sek legfontosabb jellemz\u0151inek tudatos\u00edt\u00e1s\u00e1ra is.<\/p>\n<p style=\"text-align: justify;\">A 8. oszt\u00e1lyosoknak Vasv\u00e1ri B\u00e1lint az INNONET Innov\u00e1ci\u00f3s \u00e9s Technol\u00f3giai K\u00f6zpont m\u0171szaki igazgat\u00f3ja tartott \u00f3r\u00e1t. Megosztotta a di\u00e1kokkal tapasztalatait, besz\u00e9lt a v\u00e1llalkoz\u00e1sok ind\u00edt\u00e1s\u00e1r\u00f3l, vezet\u00e9s\u00e9r\u0151l, szakmai sikerekr\u0151l. \u00a0A tanul\u00f3k feltehett\u00e9k a t\u00e9m\u00e1val kapcsolatos k\u00e9rd\u00e9seiket, melyre sz\u00edvesen v\u00e1laszolt. Megtudhatt\u00e1k, mi a k\u00fcl\u00f6nbs\u00e9g egyes v\u00e1llalkoz\u00e1si form\u00e1k k\u00f6z\u00f6tt, mi sz\u00fcks\u00e9ges egy v\u00e1llalkoz\u00e1s ind\u00edt\u00e1s\u00e1hoz, milyen neh\u00e9zs\u00e9gekkel kell szemben\u00e9zni \u00e9s mit\u0151l lesz sikeres egy v\u00e1llalkoz\u00e1s.<\/p>\n","protected":false},"excerpt":{"rendered":"<p>Ebben a tan\u00e9vben ism\u00e9t csatlakoztunk a p\u00e9nz\u00fcgyi \u00e9s v\u00e1llalkoz\u00f3i t\u00e9mah\u00e9thez, a P\u00e9nz7-hez, amely az European Money Week \u00e9s a Global Money Week nemzetk\u00f6zi programokhoz is kapcsol\u00f3dik. A program c\u00e9lja, hogy a di\u00e1kok tudatosabban kezelj\u00e9k p\u00e9nz\u00fcgyeiket, a h\u00e9tk\u00f6znapi \u00e9letben is hasznos\u00edthat\u00f3 ismeretekhez jussanak a gazdas\u00e1g \u00e9s a p\u00e9nzvil\u00e1g m\u0171k\u00f6d\u00e9s\u00e9r\u0151l.<\/p>\n","protected":false},"author":1,"featured_media":0,"comment_status":"closed","ping_status":"open","sticky":false,"template":"","format":"standard","meta":{"ngg_post_thumbnail":0,"footnotes":""},"categories":[1],"tags":[],"class_list":["post-1261","post","type-post","status-publish","format-standard","hentry","category-egyeb"],"_links":{"self":[{"href":"http:\/\/www.radnotiiskola.hu\/new\/wp-json\/wp\/v2\/posts\/1261","targetHints":{"allow":["GET"]}}],"collection":[{"href":"http:\/\/www.radnotiiskola.hu\/new\/wp-json\/wp\/v2\/posts"}],"about":[{"href":"http:\/\/www.radnotiiskola.hu\/new\/wp-json\/wp\/v2\/types\/post"}],"author":[{"embeddable":true,"href":"http:\/\/www.radnotiiskola.hu\/new\/wp-json\/wp\/v2\/users\/1"}],"replies":[{"embeddable":true,"href":"http:\/\/www.radnotiiskola.hu\/new\/wp-json\/wp\/v2\/comments?post=1261"}],"version-history":[{"count":0,"href":"http:\/\/www.radnotiiskola.hu\/new\/wp-json\/wp\/v2\/posts\/1261\/revisions"}],"wp:attachment":[{"href":"http:\/\/www.radnotiiskola.hu\/new\/wp-json\/wp\/v2\/media?parent=1261"}],"wp:term":[{"taxonomy":"category","embeddable":true,"href":"http:\/\/www.radnotiiskola.hu\/new\/wp-json\/wp\/v2\/categories?post=1261"},{"taxonomy":"post_tag","embeddable":true,"href":"http:\/\/www.radnotiiskola.hu\/new\/wp-json\/wp\/v2\/tags?post=1261"}],"curies":[{"name":"wp","href":"https:\/\/api.w.org\/{rel}","templated":true}]}}