{"id":1264,"date":"2019-03-25T08:26:26","date_gmt":"2019-03-25T08:26:26","guid":{"rendered":"http:\/\/www.radnotiiskola.hu\/new\/?p=1264"},"modified":"2019-04-01T20:08:32","modified_gmt":"2019-04-01T20:08:32","slug":"hit-es-erkolcstan-oktatas","status":"publish","type":"post","link":"http:\/\/www.radnotiiskola.hu\/new\/2019\/03\/25\/hit-es-erkolcstan-oktatas\/","title":{"rendered":"Hit-\u00e9s erk\u00f6lcstan oktat\u00e1s"},"content":{"rendered":"<p style=\"text-align: justify;\"><img loading=\"lazy\" decoding=\"async\" class=\"alignright wp-image-1265 size-medium\" src=\"http:\/\/www.radnotiiskola.hu\/new\/wp-content\/uploads\/2019\/03\/hiteserkolcs-300x163.jpg\" alt=\"\" width=\"300\" height=\"163\" srcset=\"http:\/\/www.radnotiiskola.hu\/new\/wp-content\/uploads\/2019\/03\/hiteserkolcs-300x163.jpg 300w, http:\/\/www.radnotiiskola.hu\/new\/wp-content\/uploads\/2019\/03\/hiteserkolcs.jpg 600w\" sizes=\"auto, (max-width: 300px) 100vw, 300px\" \/>Hit-\u00e9s erk\u00f6lcstan oktat\u00e1st v\u00e1llal\u00f3 egyh\u00e1zi jogi szem\u00e9lyek iskol\u00e1nkban<!--more--><\/p>\n<h3>Magyar Katolikus Egyh\u00e1z<\/h3>\n<ul>\n<li>k\u00e9pvisel\u0151je: Bogn\u00e1r Istv\u00e1n v\u00e1rospl\u00e9b\u00e1nos<\/li>\n<li>el\u00e9rhet\u0151s\u00e9ge: R. K. Pl\u00e9b\u00e1nia Hivatal<br \/>\n9021 Gy\u0151r, Belv\u00e1ros K\u00e1ptalandomb<\/li>\n<li>telefon: 96\/618-307<\/li>\n<li>hitoktat\u00f3ja: Csizmadia Gergelyn\u00e9,\u00a0\u0150rfi M\u00e1ria<\/li>\n<\/ul>\n<h3>Magyarorsz\u00e1gi Evang\u00e9likus Egyh\u00e1z<\/h3>\n<p>A Gy\u0151ri Evang\u00e9likus Egyh\u00e1zk\u00f6zs\u00e9g<\/p>\n<ul>\n<li>k\u00e9pvisel\u0151je: Csorba J\u00e1nos igazgat\u00f3 lelk\u00e9sz<\/li>\n<li>el\u00e9rhet\u0151s\u00e9ge:9025 Gy\u0151r, Pet\u0151fi t\u00e9r 2<\/li>\n<\/ul>\n<h3>Magyarorsz\u00e1gi Reform\u00e1tus Egyh\u00e1z<\/h3>\n<p>Gy\u0151ri Reform\u00e1tus Egyh\u00e1zk\u00f6zs\u00e9g<\/p>\n<ul>\n<li>k\u00e9pvisel\u0151je: Wagner Tam\u00e1s lelkip\u00e1sztor<\/li>\n<li>el\u00e9rhet\u0151s\u00e9ge: 9025 Gy\u0151r, Kossuth L. u. 9<\/li>\n<li>Telefon: 06-96-337-323<\/li>\n<li>hitoktat\u00f3: Sztuhai Eszter<\/li>\n<\/ul>\n<h3>Gy\u0151ri G\u00f6r\u00f6gkatolikus Egyh\u00e1zk\u00f6zs\u00e9g<\/h3>\n<ul>\n<li>k\u00e9pvisel\u0151je: Tasi Tam\u00e1s par\u00f3kus<\/li>\n<li>el\u00e9rhet\u0151s\u00e9ge: 9025 Gy\u0151r, B\u00e1lint Mih\u00e1ly \u00fat 54.<\/li>\n<li>Telefon: 96\/311-499, 30\/207-3445<\/li>\n<li>Honlap: <a href=\"http:\/\/www.gyorigorogkatolikus.hu\">www.gyorigorogkatolikus.hu<\/a><\/li>\n<li>hitoktat\u00f3: Oberlander Veronika<\/li>\n<\/ul>\n<h3>Hit gy\u00fclekezete<\/h3>\n<ul>\n<li>Budapest Gy\u00f6mr\u0151i \u00fat 69.<\/li>\n<li>K\u00e9pvisel\u0151 neve: Kov\u00e1cs Dia<\/li>\n<li>El\u00e9rhet\u0151s\u00e9ge:\u00a0hitoktatas@hit.hu<\/li>\n<li>Tov\u00e1bbi inform\u00e1ci\u00f3k:\u00a0<a href=\"http:\/\/www.hiteserkolcstan.hu\/\">http:\/\/ www.hiteserkolcstan.hu\/<\/a><\/li>\n<\/ul>\n<h3>Mazsihisz<\/h3>\n<ul>\n<li>C\u00edm: MAZSIHISZ 1075 Bp. S\u00edp u. 12.<\/li>\n<li>Telefon: 413-55-78 (Irodai k\u00f6zvetlen)<\/li>\n<li>e-mail:\u00a0 <a href=\"mailto:oktatas@mazsihisz.hu\">oktatas@mazsihisz.hu<\/a><\/li>\n<\/ul>\n","protected":false},"excerpt":{"rendered":"<p>Hit-\u00e9s erk\u00f6lcstan oktat\u00e1st v\u00e1llal\u00f3 egyh\u00e1zi jogi szem\u00e9lyek iskol\u00e1nkban<\/p>\n","protected":false},"author":1,"featured_media":0,"comment_status":"closed","ping_status":"open","sticky":false,"template":"","format":"standard","meta":{"ngg_post_thumbnail":0,"footnotes":""},"categories":[1],"tags":[],"class_list":["post-1264","post","type-post","status-publish","format-standard","hentry","category-egyeb"],"_links":{"self":[{"href":"http:\/\/www.radnotiiskola.hu\/new\/wp-json\/wp\/v2\/posts\/1264","targetHints":{"allow":["GET"]}}],"collection":[{"href":"http:\/\/www.radnotiiskola.hu\/new\/wp-json\/wp\/v2\/posts"}],"about":[{"href":"http:\/\/www.radnotiiskola.hu\/new\/wp-json\/wp\/v2\/types\/post"}],"author":[{"embeddable":true,"href":"http:\/\/www.radnotiiskola.hu\/new\/wp-json\/wp\/v2\/users\/1"}],"replies":[{"embeddable":true,"href":"http:\/\/www.radnotiiskola.hu\/new\/wp-json\/wp\/v2\/comments?post=1264"}],"version-history":[{"count":0,"href":"http:\/\/www.radnotiiskola.hu\/new\/wp-json\/wp\/v2\/posts\/1264\/revisions"}],"wp:attachment":[{"href":"http:\/\/www.radnotiiskola.hu\/new\/wp-json\/wp\/v2\/media?parent=1264"}],"wp:term":[{"taxonomy":"category","embeddable":true,"href":"http:\/\/www.radnotiiskola.hu\/new\/wp-json\/wp\/v2\/categories?post=1264"},{"taxonomy":"post_tag","embeddable":true,"href":"http:\/\/www.radnotiiskola.hu\/new\/wp-json\/wp\/v2\/tags?post=1264"}],"curies":[{"name":"wp","href":"https:\/\/api.w.org\/{rel}","templated":true}]}}