{"id":1272,"date":"2019-04-01T20:07:03","date_gmt":"2019-04-01T20:07:03","guid":{"rendered":"http:\/\/www.radnotiiskola.hu\/new\/?p=1272"},"modified":"2019-04-01T20:07:59","modified_gmt":"2019-04-01T20:07:59","slug":"beiratkozas-kreta","status":"publish","type":"post","link":"http:\/\/www.radnotiiskola.hu\/new\/2019\/04\/01\/beiratkozas-kreta\/","title":{"rendered":"Beiratkoz\u00e1s &#8211; Kr\u00e9ta"},"content":{"rendered":"<p style=\"text-align: justify;\"><img loading=\"lazy\" decoding=\"async\" class=\"size-medium wp-image-1269 alignright\" src=\"http:\/\/www.radnotiiskola.hu\/new\/wp-content\/uploads\/2019\/03\/beiratkoz\u00e1s-300x239.png\" alt=\"\" width=\"300\" height=\"239\" srcset=\"http:\/\/www.radnotiiskola.hu\/new\/wp-content\/uploads\/2019\/03\/beiratkoz\u00e1s-300x239.png 300w, http:\/\/www.radnotiiskola.hu\/new\/wp-content\/uploads\/2019\/03\/beiratkoz\u00e1s.png 624w\" sizes=\"auto, (max-width: 300px) 100vw, 300px\" \/>Tisztelt Sz\u00fcl\u0151k!<\/p>\n<p style=\"text-align: justify;\">T\u00e1j\u00e9koztatom \u00d6n\u00f6ket, hogy lehet\u0151s\u00e9g\u00fck van 2019. \u00e1prilis 1-j\u00e9t\u0151l a gyermek\u00fck els\u0151 oszt\u00e1lyos beiratkoz\u00e1s\u00e1t online el\u0151k\u00e9sz\u00edteni, azonban emellett sz\u00fcks\u00e9ges az int\u00e9zm\u00e9nyben a sz\u00fcl\u0151 szem\u00e9lyes megjelen\u00e9se \u00e9s a dokumentumok bemutat\u00e1sa a beiratkoz\u00e1s idej\u00e9n (2019. \u00e1prilis 11-12. 8.00 \u00e9s 19.00 \u00f3ra k\u00f6z\u00f6tt).<!--more--><\/p>\n<p style=\"text-align: justify;\">Amennyiben nagyobb gyermeke m\u00e1r iskol\u00e1nk tanul\u00f3ja, akkor a KR\u00c9TA rendszer\u00e9hez m\u00e1r rendelkezik bel\u00e9p\u00e9si azonos\u00edt\u00f3val.<\/p>\n<ol style=\"text-align: justify;\">\n<li>Bel\u00e9pve a KR\u00c9TA rendszerbe, v\u00e1lassza ki az <strong>e-\u00dcgyint\u00e9z\u00e9s<\/strong> lehet\u0151s\u00e9g\u00e9t!<\/li>\n<li>V\u00e1lassza ki az <strong>\u00dcgyint\u00e9z\u00e9s ind\u00edt\u00e1sa<\/strong> men\u00fct!<\/li>\n<li>Kattintson a <strong>Beiratkoz\u00e1s \u00e1ltal\u00e1nos iskol\u00e1ba<\/strong> men\u00fcpontra!<\/li>\n<li>A megny\u00edl\u00f3 fel\u00fcleten adja meg a sz\u00fcks\u00e9ges adatokat!<\/li>\n<\/ol>\n<p style=\"text-align: justify;\">Amennyiben nincs iskol\u00e1nk KR\u00c9TA rendszer\u00e9hez bel\u00e9p\u00e9si jogosults\u00e1ga:<\/p>\n<ol style=\"text-align: justify;\">\n<li>Nyissa meg a <a href=\"https:\/\/eugyintezes.e-kreta.hu\/kezdolap\">https:\/\/eugyintezes.e-kreta.hu\/kezdolap<\/a> weboldalt!<\/li>\n<li>Regisztr\u00e1ljon \u00faj ideiglenes felhaszn\u00e1l\u00f3k\u00e9nt!<\/li>\n<li>Bel\u00e9p\u00e9s ut\u00e1n v\u00e1lassza ki az <strong>\u00dcgyint\u00e9z\u00e9s ind\u00edt\u00e1sa<\/strong> men\u00fct!<\/li>\n<li>Kattintson a <strong>Beiratkoz\u00e1s \u00e1ltal\u00e1nos iskol\u00e1ba<\/strong> men\u00fcpontra!<\/li>\n<li>A megny\u00edl\u00f3 fel\u00fcleten adja meg a sz\u00fcks\u00e9ges adatokat \u00e9s v\u00e1lassza ki a list\u00e1b\u00f3l iskol\u00e1nkat!<\/li>\n<\/ol>\n<p style=\"text-align: justify;\">Seg\u00edts\u00e9get a 06 96\u00a0529-990-es telefonsz\u00e1mon Simon Edit iskolatitk\u00e1rt\u00f3l tud k\u00e9rni.<\/p>\n","protected":false},"excerpt":{"rendered":"<p>Tisztelt Sz\u00fcl\u0151k! T\u00e1j\u00e9koztatom \u00d6n\u00f6ket, hogy lehet\u0151s\u00e9g\u00fck van 2019. \u00e1prilis 1-j\u00e9t\u0151l a gyermek\u00fck els\u0151 oszt\u00e1lyos beiratkoz\u00e1s\u00e1t online el\u0151k\u00e9sz\u00edteni, azonban emellett sz\u00fcks\u00e9ges az int\u00e9zm\u00e9nyben a sz\u00fcl\u0151 szem\u00e9lyes megjelen\u00e9se \u00e9s a dokumentumok bemutat\u00e1sa a beiratkoz\u00e1s idej\u00e9n (2019. \u00e1prilis 11-12. 8.00 \u00e9s 19.00 \u00f3ra k\u00f6z\u00f6tt).<\/p>\n","protected":false},"author":1,"featured_media":0,"comment_status":"closed","ping_status":"open","sticky":false,"template":"","format":"standard","meta":{"ngg_post_thumbnail":0,"footnotes":""},"categories":[1],"tags":[],"class_list":["post-1272","post","type-post","status-publish","format-standard","hentry","category-egyeb"],"_links":{"self":[{"href":"http:\/\/www.radnotiiskola.hu\/new\/wp-json\/wp\/v2\/posts\/1272","targetHints":{"allow":["GET"]}}],"collection":[{"href":"http:\/\/www.radnotiiskola.hu\/new\/wp-json\/wp\/v2\/posts"}],"about":[{"href":"http:\/\/www.radnotiiskola.hu\/new\/wp-json\/wp\/v2\/types\/post"}],"author":[{"embeddable":true,"href":"http:\/\/www.radnotiiskola.hu\/new\/wp-json\/wp\/v2\/users\/1"}],"replies":[{"embeddable":true,"href":"http:\/\/www.radnotiiskola.hu\/new\/wp-json\/wp\/v2\/comments?post=1272"}],"version-history":[{"count":0,"href":"http:\/\/www.radnotiiskola.hu\/new\/wp-json\/wp\/v2\/posts\/1272\/revisions"}],"wp:attachment":[{"href":"http:\/\/www.radnotiiskola.hu\/new\/wp-json\/wp\/v2\/media?parent=1272"}],"wp:term":[{"taxonomy":"category","embeddable":true,"href":"http:\/\/www.radnotiiskola.hu\/new\/wp-json\/wp\/v2\/categories?post=1272"},{"taxonomy":"post_tag","embeddable":true,"href":"http:\/\/www.radnotiiskola.hu\/new\/wp-json\/wp\/v2\/tags?post=1272"}],"curies":[{"name":"wp","href":"https:\/\/api.w.org\/{rel}","templated":true}]}}