{"id":1289,"date":"2019-04-13T08:26:20","date_gmt":"2019-04-13T08:26:20","guid":{"rendered":"http:\/\/www.radnotiiskola.hu\/new\/?p=1289"},"modified":"2019-06-04T09:09:07","modified_gmt":"2019-06-04T09:09:07","slug":"digitalis-temahet-2019","status":"publish","type":"post","link":"http:\/\/www.radnotiiskola.hu\/new\/2019\/04\/13\/digitalis-temahet-2019\/","title":{"rendered":"Digit\u00e1lis T\u00e9mah\u00e9t 2019"},"content":{"rendered":"<p><img loading=\"lazy\" decoding=\"async\" class=\"size-full wp-image-1290 alignright\" src=\"http:\/\/www.radnotiiskola.hu\/new\/wp-content\/uploads\/2019\/04\/logo.png\" alt=\"\" width=\"225\" height=\"225\" srcset=\"http:\/\/www.radnotiiskola.hu\/new\/wp-content\/uploads\/2019\/04\/logo.png 225w, http:\/\/www.radnotiiskola.hu\/new\/wp-content\/uploads\/2019\/04\/logo-150x150.png 150w, http:\/\/www.radnotiiskola.hu\/new\/wp-content\/uploads\/2019\/04\/logo-60x60.png 60w\" sizes=\"auto, (max-width: 225px) 100vw, 225px\" \/>Iskol\u00e1nk ebben az \u00e9vben is r\u00e9sztvett a Digit\u00e1lis T\u00e9mah\u00e9t programj\u00e1ban, ez\u00fattal m\u00e1r t\u00f6bb programmal is:<\/p>\n<ul>\n<li>Pet\u0151fi nyom\u00e1n Erd\u00e9lyben\n<ul>\n<li><a href=\"https:\/\/drive.google.com\/open?id=1-B9UugIpBLBK1c7DXt-qB_OWBWeUJNTZ\" target=\"_blank\" rel=\"noopener\">Projektterv<\/a><\/li>\n<li><a href=\"http:\/\/linoit.com\/users\/olahgergo69\/canvases\/Bal%C3%A1zs%20-%20Gerg%C5%91\" target=\"_blank\" rel=\"noopener\">Fali\u00fajs\u00e1g 1<\/a><\/li>\n<li><a href=\"http:\/\/linoit.com\/users\/fannizdori2\/canvases\/Kriszti-%20D%C3%B3ri-%20Fanni-%20Patrik\" target=\"_blank\" rel=\"noopener\">Fali\u00fajs\u00e1g 2<\/a><\/li>\n<li><a href=\"http:\/\/linoit.com\/users\/Balint817\/canvases\/B%C3%A1lint%20-%20Bal%C3%A1zs%20-%20Joci%20-%20Adri%C3%A1n\" target=\"_blank\" rel=\"noopener\">Fali\u00fajs\u00e1g 3<\/a><\/li>\n<\/ul>\n<\/li>\n<li><a href=\"https:\/\/drive.google.com\/open?id=1ez_px_ZMmOLVNmMN8ecNhh92KUAHjweP\" target=\"_blank\" rel=\"noopener\">Te is lehetsz csapatj\u00e1t\u00e9kos<\/a><\/li>\n<li>Ne &#8222;Szem\u00e9tkedj&#8221;, l\u00e9gy v\u00e1logat\u00f3s\n<ul>\n<li><a href=\"https:\/\/drive.google.com\/open?id=1cl6JvfLRVGf75D2zz-hTlJ9MD89SLkMV\" target=\"_blank\" rel=\"noopener\">Projektterv<\/a><\/li>\n<li><a href=\"https:\/\/youtu.be\/C3_74RxYeAo\" target=\"_blank\" rel=\"noopener\">Projektvide\u00f3<\/a><\/li>\n<\/ul>\n<\/li>\n<li><a href=\"https:\/\/drive.google.com\/open?id=18IfzCj-e0EnKRd6Y7KlZCCqKr5meDu0o\" target=\"_blank\" rel=\"noopener\">Nyuszi \u00fcl a f\u0171ben&#8230;<\/a><\/li>\n<\/ul>\n<p>A r\u00e9szletek a linkekre kattintva \u00e9rhet\u0151k el.<\/p>\n","protected":false},"excerpt":{"rendered":"<p>Iskol\u00e1nk ebben az \u00e9vben is r\u00e9sztvett a Digit\u00e1lis T\u00e9mah\u00e9t programj\u00e1ban, ez\u00fattal m\u00e1r t\u00f6bb programmal is: Pet\u0151fi nyom\u00e1n Erd\u00e9lyben Projektterv Fali\u00fajs\u00e1g 1 Fali\u00fajs\u00e1g 2 Fali\u00fajs\u00e1g 3 Te is lehetsz csapatj\u00e1t\u00e9kos Ne &#8222;Szem\u00e9tkedj&#8221;, l\u00e9gy v\u00e1logat\u00f3s Projektterv Projektvide\u00f3 Nyuszi \u00fcl a f\u0171ben&#8230; A r\u00e9szletek a linkekre kattintva \u00e9rhet\u0151k el.<\/p>\n","protected":false},"author":1,"featured_media":0,"comment_status":"closed","ping_status":"open","sticky":false,"template":"","format":"standard","meta":{"ngg_post_thumbnail":0,"footnotes":""},"categories":[1],"tags":[],"class_list":["post-1289","post","type-post","status-publish","format-standard","hentry","category-egyeb"],"_links":{"self":[{"href":"http:\/\/www.radnotiiskola.hu\/new\/wp-json\/wp\/v2\/posts\/1289","targetHints":{"allow":["GET"]}}],"collection":[{"href":"http:\/\/www.radnotiiskola.hu\/new\/wp-json\/wp\/v2\/posts"}],"about":[{"href":"http:\/\/www.radnotiiskola.hu\/new\/wp-json\/wp\/v2\/types\/post"}],"author":[{"embeddable":true,"href":"http:\/\/www.radnotiiskola.hu\/new\/wp-json\/wp\/v2\/users\/1"}],"replies":[{"embeddable":true,"href":"http:\/\/www.radnotiiskola.hu\/new\/wp-json\/wp\/v2\/comments?post=1289"}],"version-history":[{"count":0,"href":"http:\/\/www.radnotiiskola.hu\/new\/wp-json\/wp\/v2\/posts\/1289\/revisions"}],"wp:attachment":[{"href":"http:\/\/www.radnotiiskola.hu\/new\/wp-json\/wp\/v2\/media?parent=1289"}],"wp:term":[{"taxonomy":"category","embeddable":true,"href":"http:\/\/www.radnotiiskola.hu\/new\/wp-json\/wp\/v2\/categories?post=1289"},{"taxonomy":"post_tag","embeddable":true,"href":"http:\/\/www.radnotiiskola.hu\/new\/wp-json\/wp\/v2\/tags?post=1289"}],"curies":[{"name":"wp","href":"https:\/\/api.w.org\/{rel}","templated":true}]}}