{"id":2465,"date":"2021-03-17T17:22:27","date_gmt":"2021-03-17T17:22:27","guid":{"rendered":"http:\/\/www.radnotiiskola.hu\/new\/?p=2465"},"modified":"2024-03-12T11:53:34","modified_gmt":"2024-03-12T11:53:34","slug":"tajekoztato-a-katolikus-hit-es-erkolcstan-oktatasarol","status":"publish","type":"post","link":"http:\/\/www.radnotiiskola.hu\/new\/2021\/03\/17\/tajekoztato-a-katolikus-hit-es-erkolcstan-oktatasarol\/","title":{"rendered":"Felekezetek t\u00e1j\u00e9koztat\u00f3i"},"content":{"rendered":"\n<p>R\u00f3mai Katolikus hit &#8211; \u00e9s erk\u00f6lcstan<\/p>\n<p style=\"text-align: justify;\">Szeretettel v\u00e1runk minden leend\u0151 1. oszt\u00e1lyost, illetve fels\u0151bb \u00e9vest is, aki szeretne csatlakozni a katolikus hittanosok k\u00f6z\u00f6ss\u00e9g\u00e9hez!<\/p>\n<p style=\"text-align: justify;\"><!--more-->Hittan\u00f3r\u00e1inkon lehet\u0151s\u00e9get biztos\u00edtunk, hogy a Szent\u00edr\u00e1s t\u00f6rt\u00e9netein kereszt\u00fcl megismerkedjenek Isten szeretet\u00e9vel, J\u00e9zus \u00e9let\u00e9vel, valamint a Katolikus Egyh\u00e1z tan\u00edt\u00e1s\u00e1val, \u00fcnnepeivel, liturgi\u00e1j\u00e1val, kereszt\u00e9ny hagyom\u00e1nyainkkal.<\/p>\n<p style=\"text-align: justify;\">A tananyag feldolgoz\u00e1sa sor\u00e1n fejl\u0151dik a gyermekek erk\u00f6lcsi \u00e9rz\u00e9ke \u00e9s lelkiismerete. Seg\u00edts\u00e9get kapnak ahhoz, hogy elk\u00f6telez\u0151djenek a j\u00f3 mellett, felismerj\u00e9k \u00e9s elutas\u00edts\u00e1k a rosszat. Megtanulj\u00e1k a k\u00f6z\u00f6ss\u00e9gi \u00e9let szab\u00e1lyait, fejl\u0151dik ima\u00e9let\u00fck, elindulnak a szem\u00e9lyes istenkapcsolat fel\u00e9 vezet\u0151 \u00faton.<\/p>\n<p style=\"text-align: justify;\">A katolikus hit- \u00e9s erk\u00f6lcstan oktat\u00e1sra b\u00e1rki beiratkozhat, tekintet n\u00e9lk\u00fcl arra, hogy meg van-e keresztelve, illetve rendszeresen nem tud r\u00e9szt venni a vas\u00e1rnapi szentmis\u00e9ken.<\/p>\n<p style=\"text-align: justify;\">Azokat is sz\u00edvesen l\u00e1tjuk, akik nem akarnak els\u0151\u00e1ldoz\u00f3k \u00e9s b\u00e9rm\u00e1lkoz\u00f3k lenni, de sz\u00edvesen megismerkedn\u00e9nek Isten \u00e9s a Katolikus Egyh\u00e1z tan\u00edt\u00e1s\u00e1val.<\/p>\n<p style=\"text-align: justify;\">Azoknak viszont, akik szeretn\u00e9nek szents\u00e9gekhez is j\u00e1rulni (els\u0151 szentgy\u00f3n\u00e1s, els\u0151\u00e1ldoz\u00e1s, b\u00e9rm\u00e1l\u00e1s), folyamatosan r\u00e9szt kell venni\u00fck a hitoktat\u00e1son \u00e9s a szentmis\u00e9ken, tov\u00e1bb\u00e1 a szents\u00e9g-kiszolg\u00e1ltat\u00e1s \u00e9v\u00e9ben az el\u0151k\u00e9sz\u00edt\u0151 foglalkoz\u00e1sokon.<\/p>\n<ol style=\"text-align: justify;\">\n<li>oszt\u00e1lyosok eset\u00e9n a beiratkoz\u00e1skor \u00edr\u00e1sban kell jelezni az iskol\u00e1n\u00e1l, hogy gyermek\u00fcket katolikus hitoktat\u00e1sra szeretn\u00e9k be\u00edratni, fels\u0151bb \u00e9vesek eset\u00e9ben szint\u00e9n \u00edr\u00e1sban lehet k\u00e9rni a be\u00edrat\u00e1st m\u00e1jus 20-ig.<\/li>\n<\/ol>\n<p style=\"text-align: justify;\"><strong>Tal\u00e1lkozzunk a k\u00f6vetkez\u0151 tan\u00e9vben a katolikus hit- \u00e9s erk\u00f6lcstan oktat\u00e1son!<\/strong><\/p>\n<p>G\u00f6r\u00f6g katolikus:<\/p>\n<p>&nbsp;<\/p>\n<p><img loading=\"lazy\" decoding=\"async\" class=\"alignnone size-full wp-image-2470\" src=\"http:\/\/www.radnotiiskola.hu\/new\/wp-content\/uploads\/2021\/03\/gorog.png\" alt=\"\" width=\"627\" height=\"874\" srcset=\"http:\/\/www.radnotiiskola.hu\/new\/wp-content\/uploads\/2021\/03\/gorog.png 627w, http:\/\/www.radnotiiskola.hu\/new\/wp-content\/uploads\/2021\/03\/gorog-215x300.png 215w\" sizes=\"auto, (max-width: 627px) 100vw, 627px\" \/><\/p>\n<p><img loading=\"lazy\" decoding=\"async\" class=\"wp-image-3957 size-large aligncenter\" src=\"http:\/\/www.radnotiiskola.hu\/new\/wp-content\/uploads\/2021\/03\/hittanos-plakat-tajekoztatohoz-725x1024.jpg\" alt=\"\" width=\"648\" height=\"915\" srcset=\"http:\/\/www.radnotiiskola.hu\/new\/wp-content\/uploads\/2021\/03\/hittanos-plakat-tajekoztatohoz-725x1024.jpg 725w, http:\/\/www.radnotiiskola.hu\/new\/wp-content\/uploads\/2021\/03\/hittanos-plakat-tajekoztatohoz-212x300.jpg 212w, http:\/\/www.radnotiiskola.hu\/new\/wp-content\/uploads\/2021\/03\/hittanos-plakat-tajekoztatohoz-768x1085.jpg 768w, http:\/\/www.radnotiiskola.hu\/new\/wp-content\/uploads\/2021\/03\/hittanos-plakat-tajekoztatohoz-1087x1536.jpg 1087w, http:\/\/www.radnotiiskola.hu\/new\/wp-content\/uploads\/2021\/03\/hittanos-plakat-tajekoztatohoz.jpg 1241w\" sizes=\"auto, (max-width: 648px) 100vw, 648px\" \/><\/p>\n<p>A Hit Gy\u00fclekezete hit &#8211; \u00e9s erk\u00f6lcstan:<\/p>\n<p>A Hit Gy\u00fclekezete hit- \u00e9s erk\u00f6lcstan oktat\u00e1s\u00e1nak honlapja:&nbsp;&nbsp;<a id=\"m_8195997172484623269LPlnk31475\" href=\"http:\/\/www.hiteserkolcstan.hu\/\" target=\"_blank\" rel=\"noopener noreferrer\" data-saferedirecturl=\"https:\/\/www.google.com\/url?q=http:\/\/www.hiteserkolcstan.hu&amp;source=gmail&amp;ust=1616091552845000&amp;usg=AFQjCNFTvuHaMXScgVVbIc5YT3ZsP87QXA\">www.hiteserkolcstan.hu<\/a><br>A Hit Gy\u00fclekezete hit- \u00e9s erk\u00f6lcstan oktat\u00e1s\u00e1nak vide\u00f3 aj\u00e1nl\u00f3ja&nbsp; <a id=\"m_8195997172484623269LPlnk982099\" href=\"https:\/\/youtu.be\/wf5abIeeF_U\" target=\"_blank\" rel=\"noopener noreferrer\" data-saferedirecturl=\"https:\/\/www.google.com\/url?q=https:\/\/youtu.be\/wf5abIeeF_U&amp;source=gmail&amp;ust=1616091552845000&amp;usg=AFQjCNGup_Uslu7QB00mE9dlamH77qlsWw\">https:\/\/youtu.be\/wf5abIeeF_U<\/a>&nbsp;<br>A Hit Gy\u00fclekezete hit- \u00e9s erk\u00f6lcstan oktat\u00e1s\u00e1nak Facebook oldala&nbsp; <a id=\"m_8195997172484623269LPlnk894338\" href=\"https:\/\/www.facebook.com\/hiteserkolcstan\" target=\"_blank\" rel=\"noopener noreferrer\" data-saferedirecturl=\"https:\/\/www.google.com\/url?q=https:\/\/www.facebook.com\/hiteserkolcstan&amp;source=gmail&amp;ust=1616091552845000&amp;usg=AFQjCNETUvVdYet5lBsGj-fJr_t4fZZtgw\">https:\/\/www.facebook.com\/<wbr>hiteserkolcstan<\/a>&nbsp;<br><br><\/p>\n<p>Evang\u00e9likus hitoktat\u00e1s:&nbsp;<br>Ezen a honlapon tal\u00e1lhat\u00f3 meg minden inform\u00e1ci\u00f3 az evang\u00e9likus<br>hitoktat\u00e1sr\u00f3l:<br><a href=\"https:\/\/hitoktatas2.lutheran.hu\/\" target=\"_blank\" rel=\"noopener noreferrer\" data-saferedirecturl=\"https:\/\/www.google.com\/url?q=https:\/\/hitoktatas2.lutheran.hu&amp;source=gmail&amp;ust=1616481308506000&amp;usg=AFQjCNGBrs8Iz5KGtB5TVtRQTzkOsmsTvg\">https:\/\/hitoktatas2.lutheran.<wbr>hu<\/a><\/p>\n<p>Unit\u00e1rius hittanoktat\u00e1s:&nbsp;<\/p>\n<p><a href=\"https:\/\/drive.google.com\/file\/d\/1S1JX9QJLZ5Dewz-hULhpvLyPPGr_e6tI\/view?usp=share_link\">Unit\u00e1rius hitoktat\u00e1si t\u00e1j\u00e9koztat\u00f3&nbsp;<\/a><\/p>\n<p><img loading=\"lazy\" decoding=\"async\" class=\"alignnone size-full wp-image-2476\" src=\"http:\/\/www.radnotiiskola.hu\/new\/wp-content\/uploads\/2021\/03\/szorolap.png\" alt=\"\" width=\"803\" height=\"567\" srcset=\"http:\/\/www.radnotiiskola.hu\/new\/wp-content\/uploads\/2021\/03\/szorolap.png 803w, http:\/\/www.radnotiiskola.hu\/new\/wp-content\/uploads\/2021\/03\/szorolap-300x212.png 300w, http:\/\/www.radnotiiskola.hu\/new\/wp-content\/uploads\/2021\/03\/szorolap-768x542.png 768w\" sizes=\"auto, (max-width: 803px) 100vw, 803px\" \/><\/p>\n<p><img loading=\"lazy\" decoding=\"async\" class=\"size-full wp-image-3940 aligncenter\" src=\"http:\/\/www.radnotiiskola.hu\/new\/wp-content\/uploads\/2021\/03\/evangelikus.jpg\" alt=\"\" width=\"1124\" height=\"793\" srcset=\"http:\/\/www.radnotiiskola.hu\/new\/wp-content\/uploads\/2021\/03\/evangelikus.jpg 1124w, http:\/\/www.radnotiiskola.hu\/new\/wp-content\/uploads\/2021\/03\/evangelikus-300x212.jpg 300w, http:\/\/www.radnotiiskola.hu\/new\/wp-content\/uploads\/2021\/03\/evangelikus-1024x722.jpg 1024w, http:\/\/www.radnotiiskola.hu\/new\/wp-content\/uploads\/2021\/03\/evangelikus-768x542.jpg 768w\" sizes=\"auto, (max-width: 1124px) 100vw, 1124px\" \/><\/p>\n","protected":false},"excerpt":{"rendered":"<p>R\u00f3mai Katolikus hit &#8211; \u00e9s erk\u00f6lcstan Szeretettel v\u00e1runk minden leend\u0151 1. oszt\u00e1lyost, illetve fels\u0151bb \u00e9vest is, aki szeretne csatlakozni a katolikus hittanosok k\u00f6z\u00f6ss\u00e9g\u00e9hez!<\/p>\n","protected":false},"author":4,"featured_media":0,"comment_status":"closed","ping_status":"open","sticky":false,"template":"","format":"standard","meta":{"ngg_post_thumbnail":0,"footnotes":""},"categories":[28],"tags":[],"class_list":["post-2465","post","type-post","status-publish","format-standard","hentry","category-esemenyek-2019"],"_links":{"self":[{"href":"http:\/\/www.radnotiiskola.hu\/new\/wp-json\/wp\/v2\/posts\/2465","targetHints":{"allow":["GET"]}}],"collection":[{"href":"http:\/\/www.radnotiiskola.hu\/new\/wp-json\/wp\/v2\/posts"}],"about":[{"href":"http:\/\/www.radnotiiskola.hu\/new\/wp-json\/wp\/v2\/types\/post"}],"author":[{"embeddable":true,"href":"http:\/\/www.radnotiiskola.hu\/new\/wp-json\/wp\/v2\/users\/4"}],"replies":[{"embeddable":true,"href":"http:\/\/www.radnotiiskola.hu\/new\/wp-json\/wp\/v2\/comments?post=2465"}],"version-history":[{"count":0,"href":"http:\/\/www.radnotiiskola.hu\/new\/wp-json\/wp\/v2\/posts\/2465\/revisions"}],"wp:attachment":[{"href":"http:\/\/www.radnotiiskola.hu\/new\/wp-json\/wp\/v2\/media?parent=2465"}],"wp:term":[{"taxonomy":"category","embeddable":true,"href":"http:\/\/www.radnotiiskola.hu\/new\/wp-json\/wp\/v2\/categories?post=2465"},{"taxonomy":"post_tag","embeddable":true,"href":"http:\/\/www.radnotiiskola.hu\/new\/wp-json\/wp\/v2\/tags?post=2465"}],"curies":[{"name":"wp","href":"https:\/\/api.w.org\/{rel}","templated":true}]}}