{"id":2515,"date":"2021-04-14T12:10:54","date_gmt":"2021-04-14T12:10:54","guid":{"rendered":"http:\/\/www.radnotiiskola.hu\/new\/?p=2515"},"modified":"2021-04-14T12:10:56","modified_gmt":"2021-04-14T12:10:56","slug":"2021-majus-havi-etkezesi-dij-befizetese","status":"publish","type":"post","link":"http:\/\/www.radnotiiskola.hu\/new\/2021\/04\/14\/2021-majus-havi-etkezesi-dij-befizetese\/","title":{"rendered":"2021. m\u00e1jus havi \u00e9tkez\u00e9si d\u00edj befizet\u00e9se"},"content":{"rendered":"\n<p>Kedves Sz\u00fcl\u0151k!&nbsp;<\/p>\n<p>A 2021. m\u00e1jus havi \u00e9tkez\u00e9ssel kapcsolatos hat\u00e1rid\u0151ket \u00e9s inform\u00e1ci\u00f3kat <a href=\"https:\/\/drive.google.com\/file\/d\/1ui-iGk6vJJi9PjqzSEhDauegAJN2i9yR\/view?usp=sharing\">ide<\/a> kattintva tekinthetik meg.&nbsp;<\/p>\n","protected":false},"excerpt":{"rendered":"<p>Kedves Sz\u00fcl\u0151k!&nbsp; A 2021. m\u00e1jus havi \u00e9tkez\u00e9ssel kapcsolatos hat\u00e1rid\u0151ket \u00e9s inform\u00e1ci\u00f3kat ide kattintva tekinthetik meg.&nbsp;<\/p>\n","protected":false},"author":4,"featured_media":0,"comment_status":"closed","ping_status":"open","sticky":false,"template":"","format":"standard","meta":{"ngg_post_thumbnail":0,"footnotes":""},"categories":[28],"tags":[],"class_list":["post-2515","post","type-post","status-publish","format-standard","hentry","category-esemenyek-2019"],"_links":{"self":[{"href":"http:\/\/www.radnotiiskola.hu\/new\/wp-json\/wp\/v2\/posts\/2515","targetHints":{"allow":["GET"]}}],"collection":[{"href":"http:\/\/www.radnotiiskola.hu\/new\/wp-json\/wp\/v2\/posts"}],"about":[{"href":"http:\/\/www.radnotiiskola.hu\/new\/wp-json\/wp\/v2\/types\/post"}],"author":[{"embeddable":true,"href":"http:\/\/www.radnotiiskola.hu\/new\/wp-json\/wp\/v2\/users\/4"}],"replies":[{"embeddable":true,"href":"http:\/\/www.radnotiiskola.hu\/new\/wp-json\/wp\/v2\/comments?post=2515"}],"version-history":[{"count":0,"href":"http:\/\/www.radnotiiskola.hu\/new\/wp-json\/wp\/v2\/posts\/2515\/revisions"}],"wp:attachment":[{"href":"http:\/\/www.radnotiiskola.hu\/new\/wp-json\/wp\/v2\/media?parent=2515"}],"wp:term":[{"taxonomy":"category","embeddable":true,"href":"http:\/\/www.radnotiiskola.hu\/new\/wp-json\/wp\/v2\/categories?post=2515"},{"taxonomy":"post_tag","embeddable":true,"href":"http:\/\/www.radnotiiskola.hu\/new\/wp-json\/wp\/v2\/tags?post=2515"}],"curies":[{"name":"wp","href":"https:\/\/api.w.org\/{rel}","templated":true}]}}