{"id":2518,"date":"2021-04-16T15:19:55","date_gmt":"2021-04-16T15:19:55","guid":{"rendered":"http:\/\/www.radnotiiskola.hu\/new\/?p=2518"},"modified":"2021-04-16T15:19:57","modified_gmt":"2021-04-16T15:19:57","slug":"a-magyar-holokauszt-emleknapja","status":"publish","type":"post","link":"http:\/\/www.radnotiiskola.hu\/new\/2021\/04\/16\/a-magyar-holokauszt-emleknapja\/","title":{"rendered":"A magyar holokauszt eml\u00e9knapja"},"content":{"rendered":"\n<p>Tisztelt Sz\u00fcl\u0151k!&nbsp;<\/p>\n<p>Int\u00e9zm\u00e9ny\u00fcnk holokauszttal kapcsolatos megeml\u00e9kez\u0151 vide\u00f3j\u00e1t <a href=\"https:\/\/drive.google.com\/file\/d\/1CfJ97cngpo1jBvjFhJsvszi3VcIUw1jb\/view?usp=sharing\">ide<\/a> kattintva tekinthetik meg.&nbsp;<\/p>\n","protected":false},"excerpt":{"rendered":"<p>Tisztelt Sz\u00fcl\u0151k!&nbsp; Int\u00e9zm\u00e9ny\u00fcnk holokauszttal kapcsolatos megeml\u00e9kez\u0151 vide\u00f3j\u00e1t ide kattintva tekinthetik meg.&nbsp;<\/p>\n","protected":false},"author":4,"featured_media":0,"comment_status":"closed","ping_status":"open","sticky":false,"template":"","format":"standard","meta":{"ngg_post_thumbnail":0,"footnotes":""},"categories":[28],"tags":[],"class_list":["post-2518","post","type-post","status-publish","format-standard","hentry","category-esemenyek-2019"],"_links":{"self":[{"href":"http:\/\/www.radnotiiskola.hu\/new\/wp-json\/wp\/v2\/posts\/2518","targetHints":{"allow":["GET"]}}],"collection":[{"href":"http:\/\/www.radnotiiskola.hu\/new\/wp-json\/wp\/v2\/posts"}],"about":[{"href":"http:\/\/www.radnotiiskola.hu\/new\/wp-json\/wp\/v2\/types\/post"}],"author":[{"embeddable":true,"href":"http:\/\/www.radnotiiskola.hu\/new\/wp-json\/wp\/v2\/users\/4"}],"replies":[{"embeddable":true,"href":"http:\/\/www.radnotiiskola.hu\/new\/wp-json\/wp\/v2\/comments?post=2518"}],"version-history":[{"count":0,"href":"http:\/\/www.radnotiiskola.hu\/new\/wp-json\/wp\/v2\/posts\/2518\/revisions"}],"wp:attachment":[{"href":"http:\/\/www.radnotiiskola.hu\/new\/wp-json\/wp\/v2\/media?parent=2518"}],"wp:term":[{"taxonomy":"category","embeddable":true,"href":"http:\/\/www.radnotiiskola.hu\/new\/wp-json\/wp\/v2\/categories?post=2518"},{"taxonomy":"post_tag","embeddable":true,"href":"http:\/\/www.radnotiiskola.hu\/new\/wp-json\/wp\/v2\/tags?post=2518"}],"curies":[{"name":"wp","href":"https:\/\/api.w.org\/{rel}","templated":true}]}}