{"id":2520,"date":"2021-04-18T16:20:21","date_gmt":"2021-04-18T16:20:21","guid":{"rendered":"http:\/\/www.radnotiiskola.hu\/new\/?p=2520"},"modified":"2021-04-18T16:20:22","modified_gmt":"2021-04-18T16:20:22","slug":"marcius-honapra-beszedett-elelmezesi-teritesi-dijak-elszamolasaval-kapcsolatos-tajekoztato","status":"publish","type":"post","link":"http:\/\/www.radnotiiskola.hu\/new\/2021\/04\/18\/marcius-honapra-beszedett-elelmezesi-teritesi-dijak-elszamolasaval-kapcsolatos-tajekoztato\/","title":{"rendered":"M\u00e1rcius h\u00f3napra beszedett \u00e9lelmez\u00e9si t\u00e9r\u00edt\u00e9si d\u00edjak elsz\u00e1mol\u00e1s\u00e1val kapcsolatos t\u00e1j\u00e9koztat\u00f3"},"content":{"rendered":"\n<p>Tisztelt Sz\u00fcl\u0151k!&nbsp;<\/p>\n<p>A m\u00e1rcius havi \u00e9lelmez\u00e9si t\u00e9r\u00edt\u00e9si d\u00edjakkal elsz\u00e1mol\u00e1s\u00e1val kapcsolatban <a href=\"https:\/\/drive.google.com\/file\/d\/1BzaOhBNIDUvdDd1w4ANjHDFUiu3-CSKl\/view?usp=sharing\">itt<\/a> tal\u00e1lnak t\u00e1j\u00e9koztat\u00f3t.&nbsp;<\/p>\n","protected":false},"excerpt":{"rendered":"<p>Tisztelt Sz\u00fcl\u0151k!&nbsp; A m\u00e1rcius havi \u00e9lelmez\u00e9si t\u00e9r\u00edt\u00e9si d\u00edjakkal elsz\u00e1mol\u00e1s\u00e1val kapcsolatban itt tal\u00e1lnak t\u00e1j\u00e9koztat\u00f3t.&nbsp;<\/p>\n","protected":false},"author":4,"featured_media":0,"comment_status":"closed","ping_status":"open","sticky":false,"template":"","format":"standard","meta":{"ngg_post_thumbnail":0,"footnotes":""},"categories":[28],"tags":[],"class_list":["post-2520","post","type-post","status-publish","format-standard","hentry","category-esemenyek-2019"],"_links":{"self":[{"href":"http:\/\/www.radnotiiskola.hu\/new\/wp-json\/wp\/v2\/posts\/2520","targetHints":{"allow":["GET"]}}],"collection":[{"href":"http:\/\/www.radnotiiskola.hu\/new\/wp-json\/wp\/v2\/posts"}],"about":[{"href":"http:\/\/www.radnotiiskola.hu\/new\/wp-json\/wp\/v2\/types\/post"}],"author":[{"embeddable":true,"href":"http:\/\/www.radnotiiskola.hu\/new\/wp-json\/wp\/v2\/users\/4"}],"replies":[{"embeddable":true,"href":"http:\/\/www.radnotiiskola.hu\/new\/wp-json\/wp\/v2\/comments?post=2520"}],"version-history":[{"count":0,"href":"http:\/\/www.radnotiiskola.hu\/new\/wp-json\/wp\/v2\/posts\/2520\/revisions"}],"wp:attachment":[{"href":"http:\/\/www.radnotiiskola.hu\/new\/wp-json\/wp\/v2\/media?parent=2520"}],"wp:term":[{"taxonomy":"category","embeddable":true,"href":"http:\/\/www.radnotiiskola.hu\/new\/wp-json\/wp\/v2\/categories?post=2520"},{"taxonomy":"post_tag","embeddable":true,"href":"http:\/\/www.radnotiiskola.hu\/new\/wp-json\/wp\/v2\/tags?post=2520"}],"curies":[{"name":"wp","href":"https:\/\/api.w.org\/{rel}","templated":true}]}}