{"id":2530,"date":"2021-04-29T10:22:02","date_gmt":"2021-04-29T10:22:02","guid":{"rendered":"http:\/\/www.radnotiiskola.hu\/new\/?p=2530"},"modified":"2021-04-29T10:23:05","modified_gmt":"2021-04-29T10:23:05","slug":"radnoti-napi-palyazatok","status":"publish","type":"post","link":"http:\/\/www.radnotiiskola.hu\/new\/2021\/04\/29\/radnoti-napi-palyazatok\/","title":{"rendered":"Versenyfelh\u00edv\u00e1s \u00e9s p\u00e1ly\u00e1zatok"},"content":{"rendered":"\n<p>A Radn\u00f3ti nap alkalm\u00e1b\u00f3l int\u00e9zm\u00e9ny\u00fcnk versenyfelh\u00edv\u00e1s\u00e1t <a href=\"https:\/\/drive.google.com\/file\/d\/1HBfs3U_eNJPg-U_oxRv5kl4jwxfLBEBi\/view?usp=sharing\">itt<\/a> tekinthetik meg.&nbsp;<\/p>\n","protected":false},"excerpt":{"rendered":"<p>A Radn\u00f3ti nap alkalm\u00e1b\u00f3l int\u00e9zm\u00e9ny\u00fcnk versenyfelh\u00edv\u00e1s\u00e1t itt tekinthetik meg.&nbsp;<\/p>\n","protected":false},"author":4,"featured_media":0,"comment_status":"closed","ping_status":"open","sticky":false,"template":"","format":"standard","meta":{"ngg_post_thumbnail":0,"footnotes":""},"categories":[28],"tags":[],"class_list":["post-2530","post","type-post","status-publish","format-standard","hentry","category-esemenyek-2019"],"_links":{"self":[{"href":"http:\/\/www.radnotiiskola.hu\/new\/wp-json\/wp\/v2\/posts\/2530","targetHints":{"allow":["GET"]}}],"collection":[{"href":"http:\/\/www.radnotiiskola.hu\/new\/wp-json\/wp\/v2\/posts"}],"about":[{"href":"http:\/\/www.radnotiiskola.hu\/new\/wp-json\/wp\/v2\/types\/post"}],"author":[{"embeddable":true,"href":"http:\/\/www.radnotiiskola.hu\/new\/wp-json\/wp\/v2\/users\/4"}],"replies":[{"embeddable":true,"href":"http:\/\/www.radnotiiskola.hu\/new\/wp-json\/wp\/v2\/comments?post=2530"}],"version-history":[{"count":0,"href":"http:\/\/www.radnotiiskola.hu\/new\/wp-json\/wp\/v2\/posts\/2530\/revisions"}],"wp:attachment":[{"href":"http:\/\/www.radnotiiskola.hu\/new\/wp-json\/wp\/v2\/media?parent=2530"}],"wp:term":[{"taxonomy":"category","embeddable":true,"href":"http:\/\/www.radnotiiskola.hu\/new\/wp-json\/wp\/v2\/categories?post=2530"},{"taxonomy":"post_tag","embeddable":true,"href":"http:\/\/www.radnotiiskola.hu\/new\/wp-json\/wp\/v2\/tags?post=2530"}],"curies":[{"name":"wp","href":"https:\/\/api.w.org\/{rel}","templated":true}]}}