{"id":2534,"date":"2021-04-30T17:07:51","date_gmt":"2021-04-30T17:07:51","guid":{"rendered":"http:\/\/www.radnotiiskola.hu\/new\/?p=2534"},"modified":"2021-04-30T17:07:54","modified_gmt":"2021-04-30T17:07:54","slug":"intezmenyunk-majusi-programja","status":"publish","type":"post","link":"http:\/\/www.radnotiiskola.hu\/new\/2021\/04\/30\/intezmenyunk-majusi-programja\/","title":{"rendered":"Int\u00e9zm\u00e9ny\u00fcnk m\u00e1jusi programja"},"content":{"rendered":"\n<p><!--more--><\/p>\n<table  class=\" table table-hover\" style=\"width: 100%; height: 4607px;\" width=\"615\">\n<tbody>\n<tr style=\"height: 87px;\">\n<td style=\"height: 87px;\" colspan=\"3\" width=\"615\">\n<p style=\"text-align: center;\"><strong>&nbsp;Gy\u0151ri Radn\u00f3ti Mikl\u00f3s \u00c1ltal\u00e1nos Iskola m\u00e1jus havi programja<\/strong><\/p>\n<\/td>\n<\/tr>\n<tr style=\"height: 87px;\">\n<td style=\"height: 87px;\" width=\"131\">\n<p><span style=\"background-color: #999999;\">2021.05.01.<\/span><\/p>\n<\/td>\n<td style=\"height: 87px;\" width=\"119\">\n<p><span style=\"background-color: #999999;\">szombat<\/span><\/p>\n<\/td>\n<td style=\"height: 87px;\" width=\"365\">\n<p><span style=\"background-color: #999999;\">A munka \u00fcnnepe<\/span><\/p>\n<\/td>\n<\/tr>\n<tr style=\"height: 87px;\">\n<td style=\"height: 87px;\" width=\"131\">\n<p><span style=\"background-color: #999999;\">2021.05.02.<\/span><\/p>\n<\/td>\n<td style=\"height: 87px;\" width=\"119\">\n<p><span style=\"background-color: #999999;\">vas\u00e1rnap<\/span><\/p>\n<\/td>\n<td style=\"height: 87px;\" width=\"365\">\n<p>&nbsp;<\/p>\n<\/td>\n<\/tr>\n<tr style=\"height: 87px;\">\n<td style=\"height: 87px;\" width=\"131\">\n<p>2021.05.03.<\/p>\n<\/td>\n<td style=\"height: 87px;\" width=\"119\">\n<p>h\u00e9tf\u0151<\/p>\n<\/td>\n<td style=\"height: 87px;\" width=\"365\">\n<p>&nbsp;<\/p>\n<\/td>\n<\/tr>\n<tr style=\"height: 144px;\">\n<td style=\"height: 144px;\" width=\"131\">\n<p>2021.05.04.<\/p>\n<\/td>\n<td style=\"height: 144px;\" width=\"119\">\n<p>kedd<\/p>\n<\/td>\n<td style=\"height: 144px;\" width=\"365\">\n<p>Alapm\u0171veleti m\u00e9r\u00e9s 4.a<\/p>\n<p>felel\u0151s: Juh\u00e1szn\u00e9, K\u0151falvi Kl\u00e1ra<\/p>\n<\/td>\n<\/tr>\n<tr style=\"height: 227px;\">\n<td style=\"height: 227px;\" width=\"131\">\n<p>2021.05.05.<\/p>\n<\/td>\n<td style=\"height: 227px;\" width=\"119\">\n<p>szerda<\/p>\n<\/td>\n<td style=\"height: 227px;\" width=\"365\">\n<p><strong>V. Tan\u00edt\u00e1s n\u00e9lk\u00fcli munkanap<\/strong><\/p>\n<p><strong>Radn\u00f3ti nap<\/strong><\/p>\n<p>felel\u0151s: Fekete Norbert, Harcs\u00e1n\u00e9 Auerbach Petra<\/p>\n<\/td>\n<\/tr>\n<tr style=\"height: 144px;\">\n<td style=\"height: 144px;\" width=\"131\">\n<p>2021.05.06.<\/p>\n<\/td>\n<td style=\"height: 144px;\" width=\"119\">\n<p>cs\u00fct\u00f6rt\u00f6k<\/p>\n<\/td>\n<td style=\"height: 144px;\" width=\"365\">\n<p>7 \u00f3ra Tantest\u00fcleti megbesz\u00e9l\u00e9s &#8211; online<\/p>\n<p>&nbsp;<\/p>\n<\/td>\n<\/tr>\n<tr style=\"height: 116px;\">\n<td style=\"height: 116px;\" width=\"131\">\n<p>2021.05.07.<\/p>\n<\/td>\n<td style=\"height: 116px;\" width=\"119\">\n<p>p\u00e9ntek<\/p>\n<\/td>\n<td style=\"height: 116px;\" width=\"365\">\n<p>10 \u00f3ra Fizika \u00f3ra a Mobilisben 7.a \u2013 j\u00e1rv\u00e1ny miatt elmarad<\/p>\n<\/td>\n<\/tr>\n<tr style=\"height: 144px;\">\n<td style=\"height: 144px;\" width=\"131\">\n<p><span style=\"background-color: #999999;\">2021.05.08.<\/span><\/p>\n<\/td>\n<td style=\"height: 144px;\" width=\"119\">\n<p><span style=\"background-color: #999999;\">szombat<\/span><\/p>\n<\/td>\n<td style=\"height: 144px;\" width=\"365\">\n<p><span style=\"background-color: #999999;\">Lego FLL verseny<\/span><\/p>\n<p><span style=\"background-color: #999999;\">felel\u0151s: N\u00f3gr\u00e1di L\u00e1szl\u00f3<\/span><\/p>\n<\/td>\n<\/tr>\n<tr style=\"height: 87px;\">\n<td style=\"height: 87px;\" width=\"131\">\n<p><span style=\"background-color: #999999;\">2021.05.09.<\/span><\/p>\n<\/td>\n<td style=\"height: 87px;\" width=\"119\">\n<p><span style=\"background-color: #999999;\">vas\u00e1rnap<\/span><\/p>\n<\/td>\n<td style=\"height: 87px;\" width=\"365\">\n<p>&nbsp;<\/p>\n<\/td>\n<\/tr>\n<tr style=\"height: 172px;\">\n<td style=\"height: 172px;\" width=\"131\">\n<p>2021.05.10.<\/p>\n<\/td>\n<td style=\"height: 172px;\" width=\"119\">\n<p>h\u00e9tf\u0151<\/p>\n<\/td>\n<td style=\"height: 172px;\" width=\"365\">\n<p>K\u00f6zleked\u00e9si alapvizsga m\u00e1jus 10-21-ig 4-7.oszt\u00e1ly<\/p>\n<p>felel\u0151s: oszt\u00e1lyf\u0151n\u00f6k\u00f6k<\/p>\n<\/td>\n<\/tr>\n<tr style=\"height: 284px;\">\n<td style=\"height: 284px;\" width=\"131\">\n<p>2021.05.11.<\/p>\n<\/td>\n<td style=\"height: 284px;\" width=\"119\">\n<p>kedd<\/p>\n<\/td>\n<td style=\"height: 284px;\" width=\"365\">\n<p>Oszt\u00e1lyf\u00e9nyk\u00e9pez\u00e9sek kezdete<\/p>\n<p>felel\u0151s: N\u00f3gr\u00e1di L\u00e1szl\u00f3<\/p>\n<p>Tant\u00e1rgyi m\u00e9r\u00e9sek kezdete<\/p>\n<p>felel\u0151s: Juh\u00e1szn\u00e9 Csordos T\u00fcnde + munkak\u00f6z\u00f6ss\u00e9g-vezet\u0151k<\/p>\n<\/td>\n<\/tr>\n<tr style=\"height: 481px;\">\n<td style=\"height: 481px;\" width=\"131\">\n<p>2021.05.12.<\/p>\n<\/td>\n<td style=\"height: 481px;\" width=\"119\">\n<p>szerda<\/p>\n<\/td>\n<td style=\"height: 481px;\" width=\"365\">\n<p>9 \u00f3ra Mentori Team megbesz\u00e9l\u00e9s &#8211; online<\/p>\n<p>10 \u00f3ra K\u00e9mia \u00f3ra a Mobilisben 8.a \u2013 j\u00e1rv\u00e1ny miatt elmarad<\/p>\n<p>felel\u0151s: N\u00f3gr\u00e1di L\u00e1szl\u00f3<\/p>\n<p>16 \u00f3ra Matematika foglalkoz\u00e1s a Mobilisben-j\u00e1rv\u00e1ny miatt elmarad<\/p>\n<p>felel\u0151s: Kiss L\u00e1szl\u00f3n\u00e9<\/p>\n<p>D\u00d6K-gy\u0171l\u00e9s<\/p>\n<p>felel\u0151s: S\u00fct\u00f6rin\u00e9 Hada Ildik\u00f3<\/p>\n<\/td>\n<\/tr>\n<tr style=\"height: 144px;\">\n<td style=\"height: 144px;\" width=\"131\">\n<p>2021.05.13.<\/p>\n<\/td>\n<td style=\"height: 144px;\" width=\"119\">\n<p>cs\u00fct\u00f6rt\u00f6k<\/p>\n<\/td>\n<td style=\"height: 144px;\" width=\"365\">\n<p>&nbsp;<\/p>\n<p>&nbsp;<\/p>\n<\/td>\n<\/tr>\n<tr style=\"height: 116px;\">\n<td style=\"height: 116px;\" width=\"131\">\n<p>2021.05.14.<\/p>\n<\/td>\n<td style=\"height: 116px;\" width=\"119\">\n<p>p\u00e9ntek<\/p>\n<\/td>\n<td style=\"height: 116px;\" width=\"365\">\n<p>12 \u00f3ra Fizika \u00f3ra a Mobilisben 7.a \u2013 j\u00e1rv\u00e1ny miatt elmarad<\/p>\n<\/td>\n<\/tr>\n<tr style=\"height: 87px;\">\n<td style=\"height: 87px;\" width=\"131\">\n<p><span style=\"background-color: #999999;\">2021.05.15.<\/span><\/p>\n<\/td>\n<td style=\"height: 87px;\" width=\"119\">\n<p><span style=\"background-color: #999999;\">szombat<\/span><\/p>\n<\/td>\n<td style=\"height: 87px;\" width=\"365\">\n<p>&nbsp;<\/p>\n<\/td>\n<\/tr>\n<tr style=\"height: 87px;\">\n<td style=\"height: 87px;\" width=\"131\">\n<p><span style=\"background-color: #999999;\">2021.05.16.<\/span><\/p>\n<\/td>\n<td style=\"height: 87px;\" width=\"119\">\n<p><span style=\"background-color: #999999;\">vas\u00e1rnap<\/span><\/p>\n<\/td>\n<td style=\"height: 87px;\" width=\"365\">\n<p>&nbsp;<\/p>\n<\/td>\n<\/tr>\n<tr style=\"height: 46px;\">\n<td style=\"height: 46px;\" width=\"131\">\n<p>2021.05.17.<\/p>\n<\/td>\n<td style=\"height: 46px;\" width=\"119\">\n<p>h\u00e9tf\u0151<\/p>\n<\/td>\n<td style=\"height: 46px;\" width=\"365\">\n<p>&nbsp;<\/p>\n<p>&nbsp;<\/p>\n<\/td>\n<\/tr>\n<tr style=\"height: 199px;\">\n<td style=\"height: 199px;\" width=\"131\">\n<p>2021.05.18.<\/p>\n<\/td>\n<td style=\"height: 199px;\" width=\"119\">\n<p>kedd<\/p>\n<\/td>\n<td style=\"height: 199px;\" width=\"365\">\n<p>8. a L\u00e1z\u00e1r Ervin program online<\/p>\n<p>felel\u0151s: N\u00f3gr\u00e1di L\u00e1szl\u00f3<\/p>\n<p>&nbsp;<\/p>\n<\/td>\n<\/tr>\n<tr style=\"height: 144px;\">\n<td style=\"height: 144px;\" width=\"131\">\n<p>2021.05.19.<\/p>\n<\/td>\n<td style=\"height: 144px;\" width=\"119\">\n<p>szerda<\/p>\n<\/td>\n<td style=\"height: 144px;\" width=\"365\">\n<p>Idegen nyelvi m\u00e9r\u00e9s<\/p>\n<p>felel\u0151s: Juh\u00e1szn\u00e9 Csordos T\u00fcnde<\/p>\n<\/td>\n<\/tr>\n<tr style=\"height: 144px;\">\n<td style=\"height: 144px;\" width=\"131\">\n<p>2021.05.20.<\/p>\n<\/td>\n<td style=\"height: 144px;\" width=\"119\">\n<p>cs\u00fct\u00f6rt\u00f6k<\/p>\n<\/td>\n<td style=\"height: 144px;\" width=\"365\">\n<p>&nbsp;Szab\u00f3 Judit min\u0151s\u00edt\u00e9se<\/p>\n<p>felel\u0151s: Juh\u00e1szn\u00e9 Csordos T\u00fcnde<\/p>\n<\/td>\n<\/tr>\n<tr style=\"height: 172px;\">\n<td style=\"height: 172px;\" width=\"131\">\n<p>2021.05.21.<\/p>\n<\/td>\n<td style=\"height: 172px;\" width=\"119\">\n<p>p\u00e9ntek<\/p>\n<\/td>\n<td style=\"height: 172px;\" width=\"365\">\n<p>Hagyom\u00e1ny\u0151rz\u0151 tev\u00e9kenys\u00e9g: P\u00fcnk\u00f6sd\/ki\u00e1ll\u00edt\u00e1s\/<\/p>\n<p>felel\u0151s: T\u00f3th Judit,&nbsp; Radv\u00e1nszki M\u00f3nika<\/p>\n<\/td>\n<\/tr>\n<tr style=\"height: 87px;\">\n<td style=\"height: 87px;\" width=\"131\">\n<p><span style=\"background-color: #999999;\">2021.05.22.<\/span><\/p>\n<\/td>\n<td style=\"height: 87px;\" width=\"119\">\n<p><span style=\"background-color: #999999;\">szombat<\/span><\/p>\n<\/td>\n<td style=\"height: 87px;\" width=\"365\">\n<p>&nbsp;<\/p>\n<\/td>\n<\/tr>\n<tr style=\"height: 87px;\">\n<td style=\"height: 87px;\" width=\"131\">\n<p><span style=\"background-color: #999999;\">2021.05.23.<\/span><\/p>\n<\/td>\n<td style=\"height: 87px;\" width=\"119\">\n<p><span style=\"background-color: #999999;\">vas\u00e1rnap<\/span><\/p>\n<\/td>\n<td style=\"height: 87px;\" width=\"365\">\n<p>&nbsp;<\/p>\n<\/td>\n<\/tr>\n<tr style=\"height: 87px;\">\n<td style=\"height: 87px;\" width=\"131\">\n<p><span style=\"background-color: #999999;\">2021.05.24.<\/span><\/p>\n<\/td>\n<td style=\"height: 87px;\" width=\"119\">\n<p><span style=\"background-color: #999999;\">h\u00e9tf\u0151<\/span><\/p>\n<\/td>\n<td style=\"height: 87px;\" width=\"365\">\n<p><span style=\"background-color: #999999;\">P\u00fcnk\u00f6sd h\u00e9tf\u0151<\/span><\/p>\n<\/td>\n<\/tr>\n<tr style=\"height: 199px;\">\n<td style=\"height: 199px;\" width=\"131\">\n<p>2021.05.25.<\/p>\n<\/td>\n<td style=\"height: 199px;\" width=\"119\">\n<p>kedd<\/p>\n<\/td>\n<td style=\"height: 199px;\" width=\"365\">\n<p>B\u00e1zisiskolai program online<\/p>\n<p>Bemutat\u00f3\u00f3ra 1.\u00f3ra S\u00fct\u00f6rin\u00e9 Hada Ildik\u00f3<\/p>\n<p>2. \u00f3ra N\u00f3gr\u00e1di L\u00e1szl\u00f3<\/p>\n<\/td>\n<\/tr>\n<tr style=\"height: 144px;\">\n<td style=\"height: 144px;\" width=\"131\">\n<p>2021.05.26.<\/p>\n<\/td>\n<td style=\"height: 144px;\" width=\"119\">\n<p>szerda<\/p>\n<\/td>\n<td style=\"height: 144px;\" width=\"365\">\n<p>Kompetenciam\u00e9r\u00e9s<\/p>\n<p>felel\u0151s: Juh\u00e1szn\u00e9 Csordos T\u00fcnde<\/p>\n<\/td>\n<\/tr>\n<tr style=\"height: 312px;\">\n<td style=\"height: 312px;\" width=\"131\">\n<p>2021.05.27.<\/p>\n<\/td>\n<td style=\"height: 312px;\" width=\"119\">\n<p>cs\u00fct\u00f6rt\u00f6k<\/p>\n<\/td>\n<td style=\"height: 312px;\" width=\"365\">\n<p>8.a&nbsp; Mobilis 8 \u00f3ra \u2013 j\u00e1rv\u00e1ny miatt elmarad<\/p>\n<p>k\u00eds\u00e9r\u0151 tan\u00e1r: N\u00f3gr\u00e1di L\u00e1szl\u00f3<\/p>\n<p>7 \u00f3ra vezet\u0151i \u00e9rtekezlet<\/p>\n<p>Idegen nyelvi bels\u0151 vizsga 5.a \u00e9s 7.a<\/p>\n<p>felel\u0151s: Kiss L\u00e1szl\u00f3n\u00e9 + szaktan\u00e1rok<\/p>\n<\/td>\n<\/tr>\n<tr style=\"height: 87px;\">\n<td style=\"height: 87px;\" width=\"131\">\n<p>2021.05.28.<\/p>\n<\/td>\n<td style=\"height: 87px;\" width=\"119\">\n<p>p\u00e9ntek<\/p>\n<\/td>\n<td style=\"height: 87px;\" width=\"365\">\n<p>&nbsp;<\/p>\n<\/td>\n<\/tr>\n<tr style=\"height: 144px;\">\n<td style=\"height: 144px;\" width=\"131\">\n<p><span style=\"background-color: #999999;\">2021.05.29.<\/span><\/p>\n<\/td>\n<td style=\"height: 144px;\" width=\"119\">\n<p><span style=\"background-color: #999999;\">szombat<\/span><\/p>\n<\/td>\n<td style=\"height: 144px;\" width=\"365\">\n<p><span style=\"background-color: #999999;\">Familypark \u2013 j\u00e1rv\u00e1ny miatt elmarad<\/span><\/p>\n<p><span style=\"background-color: #999999;\">felel\u0151s: Kiss L\u00e1szl\u00f3n\u00e9<\/span><\/p>\n<\/td>\n<\/tr>\n<tr style=\"height: 87px;\">\n<td style=\"height: 87px;\" width=\"131\">\n<p><span style=\"background-color: #999999;\">2021.05.30.<\/span><\/p>\n<\/td>\n<td style=\"height: 87px;\" width=\"119\">\n<p><span style=\"background-color: #999999;\">vas\u00e1rnap<\/span><\/p>\n<\/td>\n<td style=\"height: 87px;\" width=\"365\">&nbsp;<\/td>\n<\/tr>\n<tr style=\"height: 87px;\">\n<td style=\"height: 87px;\" width=\"131\">\n<p>2021.05.31.<\/p>\n<\/td>\n<td style=\"height: 87px;\" width=\"119\">\n<p>h\u00e9tf\u0151<\/p>\n<\/td>\n<td style=\"height: 87px;\" width=\"365\">\n<p>&nbsp;<\/p>\n<\/td>\n<\/tr>\n<\/tbody>\n<\/table>\n","protected":false},"excerpt":{"rendered":"","protected":false},"author":4,"featured_media":0,"comment_status":"closed","ping_status":"open","sticky":false,"template":"","format":"standard","meta":{"ngg_post_thumbnail":0,"footnotes":""},"categories":[28],"tags":[],"class_list":["post-2534","post","type-post","status-publish","format-standard","hentry","category-esemenyek-2019"],"_links":{"self":[{"href":"http:\/\/www.radnotiiskola.hu\/new\/wp-json\/wp\/v2\/posts\/2534","targetHints":{"allow":["GET"]}}],"collection":[{"href":"http:\/\/www.radnotiiskola.hu\/new\/wp-json\/wp\/v2\/posts"}],"about":[{"href":"http:\/\/www.radnotiiskola.hu\/new\/wp-json\/wp\/v2\/types\/post"}],"author":[{"embeddable":true,"href":"http:\/\/www.radnotiiskola.hu\/new\/wp-json\/wp\/v2\/users\/4"}],"replies":[{"embeddable":true,"href":"http:\/\/www.radnotiiskola.hu\/new\/wp-json\/wp\/v2\/comments?post=2534"}],"version-history":[{"count":0,"href":"http:\/\/www.radnotiiskola.hu\/new\/wp-json\/wp\/v2\/posts\/2534\/revisions"}],"wp:attachment":[{"href":"http:\/\/www.radnotiiskola.hu\/new\/wp-json\/wp\/v2\/media?parent=2534"}],"wp:term":[{"taxonomy":"category","embeddable":true,"href":"http:\/\/www.radnotiiskola.hu\/new\/wp-json\/wp\/v2\/categories?post=2534"},{"taxonomy":"post_tag","embeddable":true,"href":"http:\/\/www.radnotiiskola.hu\/new\/wp-json\/wp\/v2\/tags?post=2534"}],"curies":[{"name":"wp","href":"https:\/\/api.w.org\/{rel}","templated":true}]}}