{"id":2550,"date":"2021-05-09T13:21:43","date_gmt":"2021-05-09T13:21:43","guid":{"rendered":"http:\/\/www.radnotiiskola.hu\/new\/?p=2550"},"modified":"2021-05-09T13:21:46","modified_gmt":"2021-05-09T13:21:46","slug":"tajekoztatas-a-tantermi-oktatassal-kapcsolatban","status":"publish","type":"post","link":"http:\/\/www.radnotiiskola.hu\/new\/2021\/05\/09\/tajekoztatas-a-tantermi-oktatassal-kapcsolatban\/","title":{"rendered":"T\u00e1j\u00e9koztat\u00e1s a tantermi oktat\u00e1ssal kapcsolatban"},"content":{"rendered":"\n<p style=\"text-align: justify;\">Tisztelt Sz\u00fcl\u0151k!<\/p>\n<p style=\"text-align: justify;\">Kedves Fels\u0151 Tagozatos Di\u00e1kok!<\/p>\n<p style=\"text-align: justify;\">2021.05.10-\u00e9n h\u00e9tf\u0151n visszat\u00e9r az oktat\u00e1s a tanterem falai k\u00f6z\u00e9. Neh\u00e9z id\u0151szak volt ez mindannyiunk sz\u00e1m\u00e1ra.<\/p>\n<p style=\"text-align: justify;\">A sz\u00fcl\u0151nek, akinek a csal\u00e1d, a munka mellett gyermeke tanul\u00e1s\u00e1t kellett k\u00f6vetnie.<\/p>\n<p style=\"text-align: justify;\">A Di\u00e1knak, akinek a digit\u00e1lis tanul\u00e1s a megszokott\u00f3l elt\u00e9r\u0151 tanul\u00e1si eszk\u00f6z\u00f6ket, m\u00f3dszereket hozott, \u00e9s gyakran v\u00e1ratlan, megoldhatatlan technikai probl\u00e9m\u00e1kat.<\/p>\n<p style=\"text-align: justify;\">Neh\u00e9zs\u00e9get jelentett a pedag\u00f3gusnak, akinek a digit\u00e1lis oktat\u00e1s szint\u00e9n \u00faj kih\u00edv\u00e1st jelentett a megszokott oktat\u00e1si m\u00f3dszerekhez k\u00e9pest.<\/p>\n<p style=\"text-align: justify;\">A tantervi k\u00f6vetelm\u00e9nyek teljes\u00edt\u00e9se, tanul\u00f3ink munkafegyelm\u00e9nek szinten tart\u00e1sa, a m\u00e9lt\u00e1nyos \u00e9rt\u00e9kel\u00e9s szinte teljes\u00edthetetlen kih\u00edv\u00e1st jelentett.<\/p>\n<p style=\"text-align: justify;\">B\u00edzom abban, hogy a k\u00f6vetkez\u0151 h\u00f3nap el\u00e9g lesz ahhoz, hogy az ismereteket rendszerezz\u00fck, elm\u00e9ly\u00edts\u00fck \u00e9s a tan\u00e9vet eredm\u00e9nyesen lez\u00e1rjuk.<\/p>\n<p style=\"text-align: justify;\">K\u00edv\u00e1nok ehhez Mindannyiunk sz\u00e1m\u00e1ra eg\u00e9szs\u00e9get, kitart\u00e1st \u00e9s der\u0171s munkakedvet!<\/p>\n<p style=\"text-align: justify;\">&nbsp;<\/p>\n<p style=\"text-align: justify;\">2021.05.08.&nbsp; &nbsp; &nbsp; &nbsp; &nbsp; &nbsp; &nbsp; &nbsp; &nbsp; &nbsp; &nbsp; &nbsp; &nbsp; &nbsp; &nbsp; &nbsp; &nbsp; &nbsp; &nbsp; &nbsp; &nbsp; &nbsp; &nbsp; &nbsp; &nbsp; &nbsp; &nbsp; &nbsp; &nbsp; &nbsp; &nbsp; &nbsp; &nbsp; &nbsp;Sulyokn\u00e9 Kelemen Judit<\/p>\n<p style=\"text-align: justify;\">&nbsp; &nbsp; &nbsp; &nbsp; &nbsp; &nbsp; &nbsp; &nbsp; &nbsp; &nbsp; &nbsp; &nbsp; &nbsp; &nbsp; &nbsp; &nbsp; &nbsp; &nbsp; &nbsp; &nbsp; &nbsp; &nbsp; &nbsp; &nbsp; &nbsp; &nbsp; &nbsp; &nbsp; &nbsp; &nbsp; &nbsp; &nbsp; &nbsp; &nbsp; &nbsp; &nbsp; &nbsp; &nbsp; &nbsp; &nbsp; &nbsp; &nbsp; &nbsp; &nbsp; &nbsp; &nbsp; &nbsp; &nbsp; &nbsp; &nbsp; &nbsp; &nbsp; &nbsp; &nbsp; int\u00e9zm\u00e9nyvezet\u0151<\/p>\n","protected":false},"excerpt":{"rendered":"<p>Tisztelt Sz\u00fcl\u0151k! Kedves Fels\u0151 Tagozatos Di\u00e1kok! 2021.05.10-\u00e9n h\u00e9tf\u0151n visszat\u00e9r az oktat\u00e1s a tanterem falai k\u00f6z\u00e9. Neh\u00e9z id\u0151szak volt ez mindannyiunk sz\u00e1m\u00e1ra. A sz\u00fcl\u0151nek, akinek a csal\u00e1d, a munka mellett gyermeke tanul\u00e1s\u00e1t kellett k\u00f6vetnie. A Di\u00e1knak, akinek a digit\u00e1lis tanul\u00e1s a megszokott\u00f3l elt\u00e9r\u0151 tanul\u00e1si eszk\u00f6z\u00f6ket, m\u00f3dszereket hozott, \u00e9s gyakran v\u00e1ratlan, megoldhatatlan technikai probl\u00e9m\u00e1kat. Neh\u00e9zs\u00e9get jelentett a [&hellip;]<\/p>\n","protected":false},"author":4,"featured_media":0,"comment_status":"closed","ping_status":"open","sticky":false,"template":"","format":"standard","meta":{"ngg_post_thumbnail":0,"footnotes":""},"categories":[28],"tags":[],"class_list":["post-2550","post","type-post","status-publish","format-standard","hentry","category-esemenyek-2019"],"_links":{"self":[{"href":"http:\/\/www.radnotiiskola.hu\/new\/wp-json\/wp\/v2\/posts\/2550","targetHints":{"allow":["GET"]}}],"collection":[{"href":"http:\/\/www.radnotiiskola.hu\/new\/wp-json\/wp\/v2\/posts"}],"about":[{"href":"http:\/\/www.radnotiiskola.hu\/new\/wp-json\/wp\/v2\/types\/post"}],"author":[{"embeddable":true,"href":"http:\/\/www.radnotiiskola.hu\/new\/wp-json\/wp\/v2\/users\/4"}],"replies":[{"embeddable":true,"href":"http:\/\/www.radnotiiskola.hu\/new\/wp-json\/wp\/v2\/comments?post=2550"}],"version-history":[{"count":0,"href":"http:\/\/www.radnotiiskola.hu\/new\/wp-json\/wp\/v2\/posts\/2550\/revisions"}],"wp:attachment":[{"href":"http:\/\/www.radnotiiskola.hu\/new\/wp-json\/wp\/v2\/media?parent=2550"}],"wp:term":[{"taxonomy":"category","embeddable":true,"href":"http:\/\/www.radnotiiskola.hu\/new\/wp-json\/wp\/v2\/categories?post=2550"},{"taxonomy":"post_tag","embeddable":true,"href":"http:\/\/www.radnotiiskola.hu\/new\/wp-json\/wp\/v2\/tags?post=2550"}],"curies":[{"name":"wp","href":"https:\/\/api.w.org\/{rel}","templated":true}]}}