{"id":2552,"date":"2021-05-16T14:28:08","date_gmt":"2021-05-16T14:28:08","guid":{"rendered":"http:\/\/www.radnotiiskola.hu\/new\/?p=2552"},"modified":"2021-05-16T14:28:11","modified_gmt":"2021-05-16T14:28:11","slug":"tajekoztato-2020-21-tanev-nyari-szunidei-etkezes","status":"publish","type":"post","link":"http:\/\/www.radnotiiskola.hu\/new\/2021\/05\/16\/tajekoztato-2020-21-tanev-nyari-szunidei-etkezes\/","title":{"rendered":"T\u00e1j\u00e9koztat\u00f3: 2020\/21. tan\u00e9v ny\u00e1ri sz\u00fcnidei \u00e9tkez\u00e9s"},"content":{"rendered":"\n<p>Kedves Sz\u00fcl\u0151k!&nbsp;<\/p>\n<p>A 2020\/21- es tan\u00e9v ny\u00e1ri sz\u00fcnidei \u00e9tkeztet\u00e9sr\u0151l <a href=\"https:\/\/drive.google.com\/file\/d\/1-THAU6Q_xGbJz0_U7p7ovzkEextNkqNc\/view?usp=sharing\">ide<\/a> kattintva t\u00e1j\u00e9koz\u00f3dhatnak!<\/p>\n","protected":false},"excerpt":{"rendered":"<p>Kedves Sz\u00fcl\u0151k!&nbsp; A 2020\/21- es tan\u00e9v ny\u00e1ri sz\u00fcnidei \u00e9tkeztet\u00e9sr\u0151l ide kattintva t\u00e1j\u00e9koz\u00f3dhatnak!<\/p>\n","protected":false},"author":4,"featured_media":0,"comment_status":"closed","ping_status":"open","sticky":false,"template":"","format":"standard","meta":{"ngg_post_thumbnail":0,"footnotes":""},"categories":[28],"tags":[],"class_list":["post-2552","post","type-post","status-publish","format-standard","hentry","category-esemenyek-2019"],"_links":{"self":[{"href":"http:\/\/www.radnotiiskola.hu\/new\/wp-json\/wp\/v2\/posts\/2552","targetHints":{"allow":["GET"]}}],"collection":[{"href":"http:\/\/www.radnotiiskola.hu\/new\/wp-json\/wp\/v2\/posts"}],"about":[{"href":"http:\/\/www.radnotiiskola.hu\/new\/wp-json\/wp\/v2\/types\/post"}],"author":[{"embeddable":true,"href":"http:\/\/www.radnotiiskola.hu\/new\/wp-json\/wp\/v2\/users\/4"}],"replies":[{"embeddable":true,"href":"http:\/\/www.radnotiiskola.hu\/new\/wp-json\/wp\/v2\/comments?post=2552"}],"version-history":[{"count":0,"href":"http:\/\/www.radnotiiskola.hu\/new\/wp-json\/wp\/v2\/posts\/2552\/revisions"}],"wp:attachment":[{"href":"http:\/\/www.radnotiiskola.hu\/new\/wp-json\/wp\/v2\/media?parent=2552"}],"wp:term":[{"taxonomy":"category","embeddable":true,"href":"http:\/\/www.radnotiiskola.hu\/new\/wp-json\/wp\/v2\/categories?post=2552"},{"taxonomy":"post_tag","embeddable":true,"href":"http:\/\/www.radnotiiskola.hu\/new\/wp-json\/wp\/v2\/tags?post=2552"}],"curies":[{"name":"wp","href":"https:\/\/api.w.org\/{rel}","templated":true}]}}