{"id":2882,"date":"2021-11-05T10:19:00","date_gmt":"2021-11-05T10:19:00","guid":{"rendered":"http:\/\/www.radnotiiskola.hu\/new\/?p=2882"},"modified":"2022-01-10T10:31:47","modified_gmt":"2022-01-10T10:31:47","slug":"palyaorientacios-nap","status":"publish","type":"post","link":"http:\/\/www.radnotiiskola.hu\/new\/2021\/11\/05\/palyaorientacios-nap\/","title":{"rendered":"P\u00c1LYAORIENT\u00c1CI\u00d3S NAP &#8211; NOVEMBER 5"},"content":{"rendered":"\n<p style=\"text-align: justify;\">A p\u00e1lyaorient\u00e1ci\u00f3s nap kiemelt c\u00e9lja, hogy a gyerekek id\u0151ben felk\u00e9sz\u00fclhessenek a p\u00e1lyav\u00e1laszt\u00e1sra, k\u00e9pess\u00e9geiknek \u00e9s \u00e9rdekl\u0151d\u00e9si k\u00f6reiknek megfelel\u0151en. Ehhez elengedhetetlen, hogy min\u00e9l t\u00f6bb szakm\u00e1t, foglalkoz\u00e1st, munkahelyet l\u00e1ssanak, ismerjenek meg.<\/p>\n<p style=\"text-align: justify;\">Ezen a tan\u00edt\u00e1s n\u00e9lk\u00fcli munkanapon minden oszt\u00e1ly ell\u00e1togatott egy c\u00e9ghez, egy munkahelyre, ahol megismerkedhettek az ott dolgoz\u00f3k munk\u00e1j\u00e1val, eszk\u00f6zeivel, k\u00f6r\u00fclm\u00e9nyeivel. K\u00f6sz\u00f6nj\u00fck a szakemberek munk\u00e1j\u00e1t, seg\u00edts\u00e9g\u00e9t!<\/p>\n<p style=\"text-align: justify;\">Az iskol\u00e1ban a gyerekek szakm\u00e1kat bemutat\u00f3 filmeket n\u00e9zhettek, rajzoltak, \u00e9s j\u00e1t\u00e9kos vet\u00e9lked\u0151k\u00f6n vettek r\u00e9szt.<\/p>\n<h4>1.a<\/h4>\n<p><a href=\"https:\/\/www.youtube.com\/watch?v=51h-bmbQH1o&amp;fbclid=IwAR2dHefaHy0vrBR8B8v9McaxgogXXgvdtxOePPqzIlZYQgZSk6-QfOpJGDo\">https:\/\/www.youtube.com\/watch?v=51h-bmbQH1o<\/a><\/p>\n<p style=\"text-align: justify;\">A fenti kisfilmmel indult a nap, ami egy 10 \u00e9ves \u00f6nk\u00e9ntes t\u0171zolt\u00f3 kisfi\u00far\u00f3l sz\u00f3lt. Majd a tornateremben l\u00e1nglovag akad\u00e1lyp\u00e1ly\u00e1t teljes\u00edtettek a gyerekek. A T\u0171zolt\u00f3s\u00e1g megl\u00e1togat\u00e1sa k\u00f6vetkezett ezut\u00e1n, majd mesen\u00e9z\u00e9ssel (Sam, a t\u0171zolt\u00f3) z\u00e1rult a nap. K\u00eds\u00e9r\u0151 pedag\u00f3gusok: S\u00fct\u00f6rin\u00e9 Hada Ildik\u00f3, Sulyokn\u00e9 Kelemen Judit<\/p>\n<h4>2.a<\/h4>\n<p><a href=\"https:\/\/www.mmsone.com\/hu\/hirek\/palyaorientacios-napot-tartottunk\">https:\/\/www.mmsone.com\/hu\/hirek\/palyaorientacios-napot-tartottunk<\/a><\/p>\n<p style=\"text-align: justify;\">Az oszt\u00e1ly egy informatikai c\u00e9gn\u00e9l (MMS ONE) volt l\u00e1togat\u00f3ban. A t\u00e1rgyal\u00f3teremben besz\u00e9lgettek a foglalkoz\u00e1sokr\u00f3l, informatik\u00e1r\u00f3l. A gyerekek egy szemmozg\u00e1st vizsg\u00e1l\u00f3 szerkezettel \u00e9s robotkarral ismerkedhettek meg. Sz\u00edvesen fogadt\u00e1k \u0151ket, k\u00f6sz\u00f6net Kov\u00e1cs Emma R\u00f3za sz\u00fcleinek. K\u00eds\u00e9r\u0151 pedag\u00f3gusok: Nagy \u00c9va, T\u00f3th Judit<\/p>\n<h4>2.b<\/h4>\n<p style=\"text-align: justify;\">Az oszt\u00e1ly a T\u0171zolt\u00f3s\u00e1gon j\u00e1rt. K\u00e9t nagyon kedves t\u0171zolt\u00f3 k\u00eds\u00e9rte k\u00f6rbe \u0151ket. A gyerekek az \u00f6sszes bent l\u00e9v\u0151 aut\u00f3ra fel\u00fclhetettek, sisakot vehettek fel. Minden k\u00e9rd\u00e9st megv\u00e1laszoltak. Tartalmas, \u00e9lm\u00e9nyekben gazdag egy \u00f3r\u00e1t t\u00f6lt\u00f6ttek ott el. K\u00eds\u00e9r\u0151 pedag\u00f3gusok: Hajba-Varga T\u00edmea, Juh\u00e1szn\u00e9 Csordos T\u00fcnde<\/p>\n<h4>3.a \u00e9s 4.a<\/h4>\n<p style=\"text-align: justify;\">A k\u00e9t oszt\u00e1ly kulisszal\u00e1togat\u00e1son vett r\u00e9szt a Vaskakas B\u00e1bsz\u00ednh\u00e1zban. A gyerekek nagy \u00e9rdekl\u0151d\u00e9ssel j\u00e1rt\u00e1k be az eg\u00e9sz \u00e9p\u00fcletet a zegzugos folyos\u00f3kon kereszt\u00fcl. Sz\u00f3 esett a legeml\u00e9kezetesebb el\u0151ad\u00e1sokr\u00f3l, nagy sikerekr\u0151l \u00e9s a sz\u00edn\u00e9szek munk\u00e1ir\u00f3l. A legizgalmasabb pillanat volt a sz\u00ednfalak m\u00f6g\u00e9 betekinteni. Az iskol\u00e1b\u00f3l visszaj\u00f6vet a l\u00e1tottakr\u00f3l \u00e9lm\u00e9nyrajzot k\u00e9sz\u00edtettek a tanul\u00f3k. K\u00eds\u00e9r\u0151 pedag\u00f3gusok: Kolossv\u00e1ryn\u00e9 Szunyogh Csilla, Szab\u00f3 Bogl\u00e1rka, K\u0151falvi Kl\u00e1ra<\/p>\n<h4>5.a<\/h4>\n<p style=\"text-align: justify;\">Ez a program az iskol\u00e1ban val\u00f3sult meg. T\u00e9ma a rend\u0151rs\u00e9g feladatainak megismer\u00e9se volt. N\u00e9gy k\u00e9pzett rend\u0151r seg\u00edtette az oszt\u00e1lyt abban, hogy betekint\u00e9st nyerjenek egy &#8211; egy napjukba. A gyerekek nagyon \u00e9lvezt\u00e9k a rend\u0151raut\u00f3k \u00e9s a felszerel\u00e9sek kipr\u00f3b\u00e1l\u00e1s\u00e1t. A programon az oszt\u00e1lyf\u0151n\u00f6k\u00fckkel, Szab\u00f3 Judittal vettek r\u00e9szt.<\/p>\n<p>&nbsp;<\/p>\n<h4>6.a<\/h4>\n<p style=\"text-align: justify;\">A hatodikosoknak \u00e9ppen erre a napra esett a Mobilis t\u00e9manap, ahov\u00e1 oszt\u00e1lyf\u0151n\u00f6k\u00fckkel, Radv\u00e1nszki M\u00f3nik\u00e1val mentek. Az el\u0151z\u0151 \u00f3ra anyag\u00e1hoz kapcsol\u00f3d\u00f3 ism\u00e9tl\u00e9s ut\u00e1n egy \u00e9rdekes el\u0151ad\u00e1st hallgathattak meg a gyerekek az elektromoss\u00e1gr\u00f3l. Majd a labor szab\u00e1lyait \u00e1tism\u00e9telve maguk is k\u00eds\u00e9rleteztek, p\u00e1rokban dolgozva, s k\u00f6zben megoldott\u00e1k az ehhez tartoz\u00f3 feladatlapot a sz\u00e1m\u00edt\u00f3g\u00e9pen. Ez a foglalkoz\u00e1s is \u00e9lm\u00e9nyd\u00fas, kooperat\u00edv \u00e9s izgalmas volt sz\u00e1mukra, k\u00f6sz\u00f6net a Mobilis dolgoz\u00f3inak.<\/p>\n<h4>7.a<\/h4>\n<p style=\"text-align: justify;\">A gyerekek ell\u00e1togattak a FAB-Lab-ba. Ez a k\u00f6zhaszn\u00fa alap\u00edtv\u00e1ny \u00e9rdekes, tev\u00e9kenys\u00e9gekkel teli napot ny\u00fajtott sz\u00e1mukra. Megismerkedtek a vil\u00e1gszervezet tev\u00e9kenys\u00e9g\u00e9vel, a 3D nyomtat\u00f3k m\u0171k\u00f6d\u00e9s\u00e9vel, majd mindenki saj\u00e1t tervez\u00e9s\u0171 mobiltart\u00f3 \u00e1llv\u00e1nyt k\u00e9sz\u00edtett falemezb\u0151l. Am\u00edg a g\u00e9pek alkottak, a gyerekek csapat\u00e9p\u00edt\u0151 feladatokat oldottak meg. Meg\u00edg\u00e9rt\u00e9k, hogy visszat\u00e9rnek, mert t\u00f6bb kreat\u00edv alkot\u00e1s is v\u00e1r r\u00e1juk: p\u00f3l\u00f3 tervez\u00e9se \u00e9s feliratoz\u00e1sa, mobiltok k\u00e9sz\u00edt\u00e9se, k\u00f6z\u00f6ss\u00e9galak\u00edt\u00f3 feladatok. K\u00eds\u00e9r\u0151 pedag\u00f3gusok: Kiss L\u00e1szl\u00f3n\u00e9, N\u00f3gr\u00e1di L\u00e1szl\u00f3<\/p>\n<h4>8.a<\/h4>\n<p style=\"text-align: justify;\">A v\u00e9gz\u0151s di\u00e1kok c\u00e9gl\u00e1togat\u00e1son vettek r\u00e9szt. A Hoedlmayr International telephely\u00e9t l\u00e1togatt\u00e1k meg a Sz\u00e9r\u0171skert utc\u00e1ban. Maszkban \u00e9s a j\u00e1rv\u00e1nyhelyzetre val\u00f3 tekintettel a kinti r\u00e9szt lehetett csak megn\u00e9zni, de l\u00e1thatt\u00e1k azt is, hogy hol jav\u00edtj\u00e1k a kamionr\u00f3l levett s\u00e9r\u00fclt aut\u00f3kat. Egy kamionsof\u0151r is besz\u00e9lt a munka el\u0151nyeir\u0151l, h\u00e1tr\u00e1nyair\u00f3l. A gyerekek azt is megtudhatt\u00e1k, hogy az aut\u00f3kat merre sz\u00e1ll\u00edtj\u00e1k. K\u00eds\u00e9r\u0151 pedag\u00f3gusok: Harcs\u00e1n\u00e9 Auerbach Petra, K\u00e1r\u00e1ndi D\u00e1vid<\/p>\n<p style=\"text-align: justify;\">K\u00f6sz\u00f6nj\u00fck az oszt\u00e1lyf\u0151n\u00f6k\u00f6k szervez\u0151 munk\u00e1j\u00e1t, s minden pedag\u00f3gus seg\u00edts\u00e9g\u00e9t a nap sikeres lebonyol\u00edt\u00e1s\u00e1ban!<\/p>\n<p>A besz\u00e1mol\u00f3k alapj\u00e1n \u00f6ssze\u00e1ll\u00edtotta:<\/p>\n<p><em>Radv\u00e1nszki M\u00f3nika<\/em><br><em>2021.&nbsp;&nbsp;&nbsp; p\u00e1lyav\u00e1laszt\u00e1si felel\u0151s<\/em><\/p>\n<p><a href=\"https:\/\/drive.google.com\/drive\/folders\/1u-RVsAwmQ0I1zTOXVRo6amCxDbTh7Gm_\" target=\"_blank\" rel=\"noopener noreferrer\">K\u00e9pek<\/a><\/p>\n","protected":false},"excerpt":{"rendered":"<p>A p\u00e1lyaorient\u00e1ci\u00f3s nap kiemelt c\u00e9lja, hogy a gyerekek id\u0151ben felk\u00e9sz\u00fclhessenek a p\u00e1lyav\u00e1laszt\u00e1sra, k\u00e9pess\u00e9geiknek \u00e9s \u00e9rdekl\u0151d\u00e9si k\u00f6reiknek megfelel\u0151en. Ehhez elengedhetetlen, hogy min\u00e9l t\u00f6bb szakm\u00e1t, foglalkoz\u00e1st, munkahelyet l\u00e1ssanak, ismerjenek meg. Ezen a tan\u00edt\u00e1s n\u00e9lk\u00fcli munkanapon minden oszt\u00e1ly ell\u00e1togatott egy c\u00e9ghez, egy munkahelyre, ahol megismerkedhettek az ott dolgoz\u00f3k munk\u00e1j\u00e1val, eszk\u00f6zeivel, k\u00f6r\u00fclm\u00e9nyeivel. K\u00f6sz\u00f6nj\u00fck a szakemberek munk\u00e1j\u00e1t, seg\u00edts\u00e9g\u00e9t! Az iskol\u00e1ban [&hellip;]<\/p>\n","protected":false},"author":1,"featured_media":0,"comment_status":"closed","ping_status":"open","sticky":false,"template":"","format":"standard","meta":{"ngg_post_thumbnail":0,"footnotes":""},"categories":[38],"tags":[],"class_list":["post-2882","post","type-post","status-publish","format-standard","hentry","category-esemenyek-2021"],"_links":{"self":[{"href":"http:\/\/www.radnotiiskola.hu\/new\/wp-json\/wp\/v2\/posts\/2882","targetHints":{"allow":["GET"]}}],"collection":[{"href":"http:\/\/www.radnotiiskola.hu\/new\/wp-json\/wp\/v2\/posts"}],"about":[{"href":"http:\/\/www.radnotiiskola.hu\/new\/wp-json\/wp\/v2\/types\/post"}],"author":[{"embeddable":true,"href":"http:\/\/www.radnotiiskola.hu\/new\/wp-json\/wp\/v2\/users\/1"}],"replies":[{"embeddable":true,"href":"http:\/\/www.radnotiiskola.hu\/new\/wp-json\/wp\/v2\/comments?post=2882"}],"version-history":[{"count":0,"href":"http:\/\/www.radnotiiskola.hu\/new\/wp-json\/wp\/v2\/posts\/2882\/revisions"}],"wp:attachment":[{"href":"http:\/\/www.radnotiiskola.hu\/new\/wp-json\/wp\/v2\/media?parent=2882"}],"wp:term":[{"taxonomy":"category","embeddable":true,"href":"http:\/\/www.radnotiiskola.hu\/new\/wp-json\/wp\/v2\/categories?post=2882"},{"taxonomy":"post_tag","embeddable":true,"href":"http:\/\/www.radnotiiskola.hu\/new\/wp-json\/wp\/v2\/tags?post=2882"}],"curies":[{"name":"wp","href":"https:\/\/api.w.org\/{rel}","templated":true}]}}