{"id":2934,"date":"2022-01-31T07:48:21","date_gmt":"2022-01-31T07:48:21","guid":{"rendered":"http:\/\/www.radnotiiskola.hu\/new\/?p=2934"},"modified":"2022-01-31T07:48:24","modified_gmt":"2022-01-31T07:48:24","slug":"belvarosi-tanoda-februar-02","status":"publish","type":"post","link":"http:\/\/www.radnotiiskola.hu\/new\/2022\/01\/31\/belvarosi-tanoda-februar-02\/","title":{"rendered":"BELV\u00c1ROSI TANODA \u2013 FEBRU\u00c1R 02."},"content":{"rendered":"\n<p style=\"text-align: justify;\"><img loading=\"lazy\" decoding=\"async\" class=\"size-medium wp-image-2775 alignright\" src=\"http:\/\/www.radnotiiskola.hu\/new\/wp-content\/uploads\/2021\/11\/angol-300x160.png\" alt=\"\" width=\"300\" height=\"160\" srcset=\"http:\/\/www.radnotiiskola.hu\/new\/wp-content\/uploads\/2021\/11\/angol-300x160.png 300w, http:\/\/www.radnotiiskola.hu\/new\/wp-content\/uploads\/2021\/11\/angol.png 453w\" sizes=\"auto, (max-width: 300px) 100vw, 300px\" \/>A j\u00e1t\u00e9kos, mozg\u00e1sos, bar\u00e1ts\u00e1gos l\u00e9gk\u00f6r\u0171 foglalkoz\u00e1sainkon fejlesztj\u00fck, er\u0151s\u00edtj\u00fck az iskol\u00e1ba k\u00e9sz\u00fcl\u0151 gyerekek azon k\u00e9pess\u00e9geit, melyek az els\u0151 oszt\u00e1ly sikeres, z\u00f6kken\u0151mentes kezd\u00e9s\u00e9hez sz\u00fcks\u00e9gesek.<\/p>\n<p style=\"text-align: justify;\">A foglalkoz\u00e1s 15:30-t\u00f3l 16:15-ig tart.<\/p>\n<p style=\"text-align: justify;\"><strong>A foglalkoz\u00e1s t\u00e9<\/strong><strong>m\u00e1ja:<\/strong><\/p>\n<p style=\"text-align: justify;\">Farsang Angli\u00e1ban, karnev\u00e1li hangulat a suliban<\/p>\n","protected":false},"excerpt":{"rendered":"<p>A j\u00e1t\u00e9kos, mozg\u00e1sos, bar\u00e1ts\u00e1gos l\u00e9gk\u00f6r\u0171 foglalkoz\u00e1sainkon fejlesztj\u00fck, er\u0151s\u00edtj\u00fck az iskol\u00e1ba k\u00e9sz\u00fcl\u0151 gyerekek azon k\u00e9pess\u00e9geit, melyek az els\u0151 oszt\u00e1ly sikeres, z\u00f6kken\u0151mentes kezd\u00e9s\u00e9hez sz\u00fcks\u00e9gesek. A foglalkoz\u00e1s 15:30-t\u00f3l 16:15-ig tart. A foglalkoz\u00e1s t\u00e9m\u00e1ja: Farsang Angli\u00e1ban, karnev\u00e1li hangulat a suliban<\/p>\n","protected":false},"author":4,"featured_media":0,"comment_status":"closed","ping_status":"open","sticky":false,"template":"","format":"standard","meta":{"ngg_post_thumbnail":0,"footnotes":""},"categories":[44],"tags":[],"class_list":["post-2934","post","type-post","status-publish","format-standard","hentry","category-esemenyek-2022"],"_links":{"self":[{"href":"http:\/\/www.radnotiiskola.hu\/new\/wp-json\/wp\/v2\/posts\/2934","targetHints":{"allow":["GET"]}}],"collection":[{"href":"http:\/\/www.radnotiiskola.hu\/new\/wp-json\/wp\/v2\/posts"}],"about":[{"href":"http:\/\/www.radnotiiskola.hu\/new\/wp-json\/wp\/v2\/types\/post"}],"author":[{"embeddable":true,"href":"http:\/\/www.radnotiiskola.hu\/new\/wp-json\/wp\/v2\/users\/4"}],"replies":[{"embeddable":true,"href":"http:\/\/www.radnotiiskola.hu\/new\/wp-json\/wp\/v2\/comments?post=2934"}],"version-history":[{"count":0,"href":"http:\/\/www.radnotiiskola.hu\/new\/wp-json\/wp\/v2\/posts\/2934\/revisions"}],"wp:attachment":[{"href":"http:\/\/www.radnotiiskola.hu\/new\/wp-json\/wp\/v2\/media?parent=2934"}],"wp:term":[{"taxonomy":"category","embeddable":true,"href":"http:\/\/www.radnotiiskola.hu\/new\/wp-json\/wp\/v2\/categories?post=2934"},{"taxonomy":"post_tag","embeddable":true,"href":"http:\/\/www.radnotiiskola.hu\/new\/wp-json\/wp\/v2\/tags?post=2934"}],"curies":[{"name":"wp","href":"https:\/\/api.w.org\/{rel}","templated":true}]}}