{"id":2947,"date":"2022-02-07T05:58:40","date_gmt":"2022-02-07T05:58:40","guid":{"rendered":"http:\/\/www.radnotiiskola.hu\/new\/?p=2947"},"modified":"2022-02-07T05:58:42","modified_gmt":"2022-02-07T05:58:42","slug":"belvarosi-tanoda-februar-09","status":"publish","type":"post","link":"http:\/\/www.radnotiiskola.hu\/new\/2022\/02\/07\/belvarosi-tanoda-februar-09\/","title":{"rendered":"BELV\u00c1ROSI TANODA \u2013 FEBRU\u00c1R 09."},"content":{"rendered":"\n<p style=\"text-align: justify;\"><img loading=\"lazy\" decoding=\"async\" class=\"size-thumbnail wp-image-2650 alignright\" src=\"http:\/\/www.radnotiiskola.hu\/new\/wp-content\/uploads\/2021\/08\/unnamed-150x150.jpg\" alt=\"\" width=\"150\" height=\"150\" srcset=\"http:\/\/www.radnotiiskola.hu\/new\/wp-content\/uploads\/2021\/08\/unnamed-150x150.jpg 150w, http:\/\/www.radnotiiskola.hu\/new\/wp-content\/uploads\/2021\/08\/unnamed-60x60.jpg 60w\" sizes=\"auto, (max-width: 150px) 100vw, 150px\" \/>A j\u00e1t\u00e9kos, mozg\u00e1sos, bar\u00e1ts\u00e1gos l\u00e9gk\u00f6r\u0171 foglalkoz\u00e1sainkon fejlesztj\u00fck, er\u0151s\u00edtj\u00fck az iskol\u00e1ba k\u00e9sz\u00fcl\u0151 gyerekek azon k\u00e9pess\u00e9geit, melyek az els\u0151 oszt\u00e1ly sikeres, z\u00f6kken\u0151mentes kezd\u00e9s\u00e9hez sz\u00fcks\u00e9gesek.<\/p>\n<p style=\"text-align: justify;\">A foglalkoz\u00e1s 15:30-t\u00f3l 16:15-ig tart.<\/p>\n<p style=\"text-align: justify;\"><strong>A foglalkoz\u00e1s t\u00e9<\/strong><strong>m\u00e1ja:<\/strong><\/p>\n<p style=\"text-align: justify;\">K\u00e9ztorna, \u00edr\u00e1sel\u0151k\u00e9sz\u00edt\u0151 gyakorlatok. Finommotoros k\u00e9pess\u00e9gek fejleszt\u00e9se.<\/p>\n","protected":false},"excerpt":{"rendered":"<p>A j\u00e1t\u00e9kos, mozg\u00e1sos, bar\u00e1ts\u00e1gos l\u00e9gk\u00f6r\u0171 foglalkoz\u00e1sainkon fejlesztj\u00fck, er\u0151s\u00edtj\u00fck az iskol\u00e1ba k\u00e9sz\u00fcl\u0151 gyerekek azon k\u00e9pess\u00e9geit, melyek az els\u0151 oszt\u00e1ly sikeres, z\u00f6kken\u0151mentes kezd\u00e9s\u00e9hez sz\u00fcks\u00e9gesek. A foglalkoz\u00e1s 15:30-t\u00f3l 16:15-ig tart. A foglalkoz\u00e1s t\u00e9m\u00e1ja: K\u00e9ztorna, \u00edr\u00e1sel\u0151k\u00e9sz\u00edt\u0151 gyakorlatok. Finommotoros k\u00e9pess\u00e9gek fejleszt\u00e9se.<\/p>\n","protected":false},"author":4,"featured_media":0,"comment_status":"closed","ping_status":"open","sticky":false,"template":"","format":"standard","meta":{"ngg_post_thumbnail":0,"footnotes":""},"categories":[44],"tags":[],"class_list":["post-2947","post","type-post","status-publish","format-standard","hentry","category-esemenyek-2022"],"_links":{"self":[{"href":"http:\/\/www.radnotiiskola.hu\/new\/wp-json\/wp\/v2\/posts\/2947","targetHints":{"allow":["GET"]}}],"collection":[{"href":"http:\/\/www.radnotiiskola.hu\/new\/wp-json\/wp\/v2\/posts"}],"about":[{"href":"http:\/\/www.radnotiiskola.hu\/new\/wp-json\/wp\/v2\/types\/post"}],"author":[{"embeddable":true,"href":"http:\/\/www.radnotiiskola.hu\/new\/wp-json\/wp\/v2\/users\/4"}],"replies":[{"embeddable":true,"href":"http:\/\/www.radnotiiskola.hu\/new\/wp-json\/wp\/v2\/comments?post=2947"}],"version-history":[{"count":0,"href":"http:\/\/www.radnotiiskola.hu\/new\/wp-json\/wp\/v2\/posts\/2947\/revisions"}],"wp:attachment":[{"href":"http:\/\/www.radnotiiskola.hu\/new\/wp-json\/wp\/v2\/media?parent=2947"}],"wp:term":[{"taxonomy":"category","embeddable":true,"href":"http:\/\/www.radnotiiskola.hu\/new\/wp-json\/wp\/v2\/categories?post=2947"},{"taxonomy":"post_tag","embeddable":true,"href":"http:\/\/www.radnotiiskola.hu\/new\/wp-json\/wp\/v2\/tags?post=2947"}],"curies":[{"name":"wp","href":"https:\/\/api.w.org\/{rel}","templated":true}]}}