{"id":3029,"date":"2022-03-22T17:00:43","date_gmt":"2022-03-22T17:00:43","guid":{"rendered":"http:\/\/www.radnotiiskola.hu\/new\/?p=3029"},"modified":"2022-03-22T17:00:46","modified_gmt":"2022-03-22T17:00:46","slug":"radnoti-nap-4","status":"publish","type":"post","link":"http:\/\/www.radnotiiskola.hu\/new\/2022\/03\/22\/radnoti-nap-4\/","title":{"rendered":"Radn\u00f3ti Nap"},"content":{"rendered":"\n<p style=\"text-align: justify;\"><i><span style=\"font-weight: 400;\">A t\u00f6bb \u00e9ves hagyom\u00e1nyt meg\u0151rizve, a k\u00f6lt\u0151 sz\u00fclet\u00e9s\u00e9nek \u00e9vfordul\u00f3ja alkalm\u00e1b\u00f3l a Gy\u0151ri Radn\u00f3ti Mikl\u00f3s \u00c1ltal\u00e1nos Iskola az al\u00e1bbi tanulm\u00e1nyi versenyeket hirdeti meg gy\u0151ri \u00e9s Gy\u0151r k\u00f6rny\u00e9ki \u00e1ltal\u00e1nos iskol\u00e1sok \u00e9s kis gimnazist\u00e1k r\u00e9sz\u00e9re. A verseny ki\u00edr\u00e1sa a k\u00e9pre kattintva tekinthet\u0151 meg.&nbsp;<\/span><\/i><\/p>\n<p><a href=\"https:\/\/docs.google.com\/document\/d\/1PuRmsq8eJG4zlrCoMsG5EaoDQoKFya9apgbwi6JFPYA\/edit?usp=sharing\"><img loading=\"lazy\" decoding=\"async\" class=\"size-medium wp-image-3030 aligncenter\" src=\"http:\/\/www.radnotiiskola.hu\/new\/wp-content\/uploads\/2022\/03\/radnoti-207x300.jpg\" alt=\"\" width=\"207\" height=\"300\" srcset=\"http:\/\/www.radnotiiskola.hu\/new\/wp-content\/uploads\/2022\/03\/radnoti-207x300.jpg 207w, http:\/\/www.radnotiiskola.hu\/new\/wp-content\/uploads\/2022\/03\/radnoti.jpg 363w\" sizes=\"auto, (max-width: 207px) 100vw, 207px\" \/><\/a><\/p>\n","protected":false},"excerpt":{"rendered":"<p>A t\u00f6bb \u00e9ves hagyom\u00e1nyt meg\u0151rizve, a k\u00f6lt\u0151 sz\u00fclet\u00e9s\u00e9nek \u00e9vfordul\u00f3ja alkalm\u00e1b\u00f3l a Gy\u0151ri Radn\u00f3ti Mikl\u00f3s \u00c1ltal\u00e1nos Iskola az al\u00e1bbi tanulm\u00e1nyi versenyeket hirdeti meg gy\u0151ri \u00e9s Gy\u0151r k\u00f6rny\u00e9ki \u00e1ltal\u00e1nos iskol\u00e1sok \u00e9s kis gimnazist\u00e1k r\u00e9sz\u00e9re. A verseny ki\u00edr\u00e1sa a k\u00e9pre kattintva tekinthet\u0151 meg.&nbsp;<\/p>\n","protected":false},"author":4,"featured_media":0,"comment_status":"closed","ping_status":"open","sticky":false,"template":"","format":"standard","meta":{"ngg_post_thumbnail":0,"footnotes":""},"categories":[43],"tags":[],"class_list":["post-3029","post","type-post","status-publish","format-standard","hentry","category-felhivasok-2022"],"_links":{"self":[{"href":"http:\/\/www.radnotiiskola.hu\/new\/wp-json\/wp\/v2\/posts\/3029","targetHints":{"allow":["GET"]}}],"collection":[{"href":"http:\/\/www.radnotiiskola.hu\/new\/wp-json\/wp\/v2\/posts"}],"about":[{"href":"http:\/\/www.radnotiiskola.hu\/new\/wp-json\/wp\/v2\/types\/post"}],"author":[{"embeddable":true,"href":"http:\/\/www.radnotiiskola.hu\/new\/wp-json\/wp\/v2\/users\/4"}],"replies":[{"embeddable":true,"href":"http:\/\/www.radnotiiskola.hu\/new\/wp-json\/wp\/v2\/comments?post=3029"}],"version-history":[{"count":0,"href":"http:\/\/www.radnotiiskola.hu\/new\/wp-json\/wp\/v2\/posts\/3029\/revisions"}],"wp:attachment":[{"href":"http:\/\/www.radnotiiskola.hu\/new\/wp-json\/wp\/v2\/media?parent=3029"}],"wp:term":[{"taxonomy":"category","embeddable":true,"href":"http:\/\/www.radnotiiskola.hu\/new\/wp-json\/wp\/v2\/categories?post=3029"},{"taxonomy":"post_tag","embeddable":true,"href":"http:\/\/www.radnotiiskola.hu\/new\/wp-json\/wp\/v2\/tags?post=3029"}],"curies":[{"name":"wp","href":"https:\/\/api.w.org\/{rel}","templated":true}]}}