{"id":3065,"date":"2022-04-11T09:24:18","date_gmt":"2022-04-11T09:24:18","guid":{"rendered":"http:\/\/www.radnotiiskola.hu\/new\/?p=3065"},"modified":"2022-04-11T09:24:21","modified_gmt":"2022-04-11T09:24:21","slug":"ravazd-erdei-iskola","status":"publish","type":"post","link":"http:\/\/www.radnotiiskola.hu\/new\/2022\/04\/11\/ravazd-erdei-iskola\/","title":{"rendered":"Ravazd erdei iskola"},"content":{"rendered":"\n<p style=\"text-align: justify;\"><img loading=\"lazy\" decoding=\"async\" class=\"size-medium wp-image-3068 alignright\" src=\"http:\/\/www.radnotiiskola.hu\/new\/wp-content\/uploads\/2022\/04\/ravazd-2-300x183.jpg\" alt=\"\" width=\"300\" height=\"183\" srcset=\"http:\/\/www.radnotiiskola.hu\/new\/wp-content\/uploads\/2022\/04\/ravazd-2-300x183.jpg 300w, http:\/\/www.radnotiiskola.hu\/new\/wp-content\/uploads\/2022\/04\/ravazd-2-1024x624.jpg 1024w, http:\/\/www.radnotiiskola.hu\/new\/wp-content\/uploads\/2022\/04\/ravazd-2-768x468.jpg 768w, http:\/\/www.radnotiiskola.hu\/new\/wp-content\/uploads\/2022\/04\/ravazd-2.jpg 1190w\" sizes=\"auto, (max-width: 300px) 100vw, 300px\" \/>Int\u00e9zm\u00e9ny\u00fcnk \u00f6t\u00f6dik oszt\u00e1lyosai az elm\u00falt h\u00e9ten h\u00e1rom napot t\u00f6lt\u00f6ttek Ravazdon az erdei iskol\u00e1ban. Az eg\u00e9sz napos programok hozz\u00e1j\u00e1rultak, hogy a gyerekek megismerj\u00e9k az erd\u0151 lak\u00f3it \u00e9s a t\u00far\u00e1z\u00e1s szab\u00e1lyait. <!--more-->Kellemes id\u0151ben erdei s\u00e9t\u00e1n \u00e9s kult\u00fart\u00f6rt\u00e9neti kir\u00e1ndul\u00e1son vehettek r\u00e9szt a tanul\u00f3ink. A szabad id\u0151ben felfedezt\u00e9k a mozg\u00e1s \u00f6r\u00f6m\u00e9t, j\u00e1tszottak, labd\u00e1ztak, tollasoztak. \u00c9jszaka izgalmas b\u00e1tors\u00e1gpr\u00f3b\u00e1n teljes\u00edtettek b\u00e1tran. A program r\u00e9szek\u00e9nt saj\u00e1t k\u00e9sz\u00edt\u00e9s\u0171 keny\u00e9rl\u00e1ngost fogyasztottak a di\u00e1kok. P\u00e9nteken kellemesen elf\u00e1radva \u00e9lm\u00e9nyekkel felt\u00f6lt\u0151dve \u00e9rtek haza a gyerekek.&nbsp;<\/p>\n<p><img loading=\"lazy\" decoding=\"async\" class=\"alignnone size-full wp-image-3067\" src=\"http:\/\/www.radnotiiskola.hu\/new\/wp-content\/uploads\/2022\/04\/ravazd-1-1.jpg\" alt=\"\" width=\"1249\" height=\"824\" srcset=\"http:\/\/www.radnotiiskola.hu\/new\/wp-content\/uploads\/2022\/04\/ravazd-1-1.jpg 1249w, http:\/\/www.radnotiiskola.hu\/new\/wp-content\/uploads\/2022\/04\/ravazd-1-1-300x198.jpg 300w, http:\/\/www.radnotiiskola.hu\/new\/wp-content\/uploads\/2022\/04\/ravazd-1-1-1024x676.jpg 1024w, http:\/\/www.radnotiiskola.hu\/new\/wp-content\/uploads\/2022\/04\/ravazd-1-1-768x507.jpg 768w\" sizes=\"auto, (max-width: 1249px) 100vw, 1249px\" \/><img loading=\"lazy\" decoding=\"async\" class=\"alignnone size-full wp-image-3070\" src=\"http:\/\/www.radnotiiskola.hu\/new\/wp-content\/uploads\/2022\/04\/ravazd-4.jpg\" alt=\"\" width=\"1029\" height=\"691\" srcset=\"http:\/\/www.radnotiiskola.hu\/new\/wp-content\/uploads\/2022\/04\/ravazd-4.jpg 1029w, http:\/\/www.radnotiiskola.hu\/new\/wp-content\/uploads\/2022\/04\/ravazd-4-300x201.jpg 300w, http:\/\/www.radnotiiskola.hu\/new\/wp-content\/uploads\/2022\/04\/ravazd-4-1024x688.jpg 1024w, http:\/\/www.radnotiiskola.hu\/new\/wp-content\/uploads\/2022\/04\/ravazd-4-768x516.jpg 768w\" sizes=\"auto, (max-width: 1029px) 100vw, 1029px\" \/> <img loading=\"lazy\" decoding=\"async\" class=\"alignnone size-full wp-image-3069\" src=\"http:\/\/www.radnotiiskola.hu\/new\/wp-content\/uploads\/2022\/04\/ravazd-3.jpg\" alt=\"\" width=\"1244\" height=\"883\" srcset=\"http:\/\/www.radnotiiskola.hu\/new\/wp-content\/uploads\/2022\/04\/ravazd-3.jpg 1244w, http:\/\/www.radnotiiskola.hu\/new\/wp-content\/uploads\/2022\/04\/ravazd-3-300x213.jpg 300w, http:\/\/www.radnotiiskola.hu\/new\/wp-content\/uploads\/2022\/04\/ravazd-3-1024x727.jpg 1024w, http:\/\/www.radnotiiskola.hu\/new\/wp-content\/uploads\/2022\/04\/ravazd-3-768x545.jpg 768w\" sizes=\"auto, (max-width: 1244px) 100vw, 1244px\" \/><\/p>\n","protected":false},"excerpt":{"rendered":"<p>Int\u00e9zm\u00e9ny\u00fcnk \u00f6t\u00f6dik oszt\u00e1lyosai az elm\u00falt h\u00e9ten h\u00e1rom napot t\u00f6lt\u00f6ttek Ravazdon az erdei iskol\u00e1ban. Az eg\u00e9sz napos programok hozz\u00e1j\u00e1rultak, hogy a gyerekek megismerj\u00e9k az erd\u0151 lak\u00f3it \u00e9s a t\u00far\u00e1z\u00e1s szab\u00e1lyait.<\/p>\n","protected":false},"author":4,"featured_media":0,"comment_status":"closed","ping_status":"open","sticky":false,"template":"","format":"standard","meta":{"ngg_post_thumbnail":0,"footnotes":""},"categories":[44],"tags":[],"class_list":["post-3065","post","type-post","status-publish","format-standard","hentry","category-esemenyek-2022"],"_links":{"self":[{"href":"http:\/\/www.radnotiiskola.hu\/new\/wp-json\/wp\/v2\/posts\/3065","targetHints":{"allow":["GET"]}}],"collection":[{"href":"http:\/\/www.radnotiiskola.hu\/new\/wp-json\/wp\/v2\/posts"}],"about":[{"href":"http:\/\/www.radnotiiskola.hu\/new\/wp-json\/wp\/v2\/types\/post"}],"author":[{"embeddable":true,"href":"http:\/\/www.radnotiiskola.hu\/new\/wp-json\/wp\/v2\/users\/4"}],"replies":[{"embeddable":true,"href":"http:\/\/www.radnotiiskola.hu\/new\/wp-json\/wp\/v2\/comments?post=3065"}],"version-history":[{"count":0,"href":"http:\/\/www.radnotiiskola.hu\/new\/wp-json\/wp\/v2\/posts\/3065\/revisions"}],"wp:attachment":[{"href":"http:\/\/www.radnotiiskola.hu\/new\/wp-json\/wp\/v2\/media?parent=3065"}],"wp:term":[{"taxonomy":"category","embeddable":true,"href":"http:\/\/www.radnotiiskola.hu\/new\/wp-json\/wp\/v2\/categories?post=3065"},{"taxonomy":"post_tag","embeddable":true,"href":"http:\/\/www.radnotiiskola.hu\/new\/wp-json\/wp\/v2\/tags?post=3065"}],"curies":[{"name":"wp","href":"https:\/\/api.w.org\/{rel}","templated":true}]}}