{"id":3183,"date":"2022-05-31T07:19:35","date_gmt":"2022-05-31T07:19:35","guid":{"rendered":"http:\/\/www.radnotiiskola.hu\/new\/?p=3183"},"modified":"2022-05-31T07:19:37","modified_gmt":"2022-05-31T07:19:37","slug":"intezmenyunk-2022-juniusi-programja","status":"publish","type":"post","link":"http:\/\/www.radnotiiskola.hu\/new\/2022\/05\/31\/intezmenyunk-2022-juniusi-programja\/","title":{"rendered":"Int\u00e9zm\u00e9ny\u00fcnk 2022 j\u00faniusi programja"},"content":{"rendered":"\n<p><!--more--><\/p>\n<table  class=\" table table-hover\" width=\"615\">\n<tbody>\n<tr>\n<td colspan=\"3\" width=\"615\">\n<p style=\"text-align: center;\">&nbsp;<strong>Gy\u0151ri Radn\u00f3ti Mikl\u00f3s \u00c1ltal\u00e1nos Iskola<\/strong><\/p>\n<p style=\"text-align: center;\"><strong>Sz\u00e9khely\u00e9nek<\/strong><\/p>\n<p style=\"text-align: center;\"><strong>J\u00fanius havi programja<\/strong><\/p>\n<\/td>\n<\/tr>\n<tr>\n<td width=\"124\">\n<p>2022.06.01<\/p>\n<\/td>\n<td width=\"113\">\n<p>szerda<\/p>\n<\/td>\n<td width=\"378\">\n<p>&nbsp;<\/p>\n<\/td>\n<\/tr>\n<tr>\n<td width=\"124\">\n<p>2022.06.02<\/p>\n<\/td>\n<td width=\"113\">\n<p>cs\u00fct\u00f6rt\u00f6k<\/p>\n<\/td>\n<td width=\"378\">\n<p>16 \u00f3ra G\u00e1lam\u0171sor<\/p>\n<p>felel\u0151s: Kolossv\u00e1ryn\u00e9 Szunyogh Csilla, Nagy \u00c9va<\/p>\n<\/td>\n<\/tr>\n<tr>\n<td width=\"124\">\n<p>2022.06.03<\/p>\n<\/td>\n<td width=\"113\">\n<p>p\u00e9ntek<\/p>\n<\/td>\n<td width=\"378\">\n<p>Nemzeti \u00f6sszetartoz\u00e1s napja,7. oszt\u00e1ly koszor\u00faz<\/p>\n<p>felel\u0151s: Kiss L\u00e1szl\u00f3n\u00e9<\/p>\n<p>Hagyom\u00e1ny\u0151rz\u0151 tev\u00e9kenys\u00e9g: P\u00fcnk\u00f6sd<\/p>\n<p>felel\u0151s: T\u00f3th Judit, Radv\u00e1nszki M\u00f3nika<\/p>\n<p>&nbsp;<\/p>\n<\/td>\n<\/tr>\n<tr>\n<td width=\"124\">\n<p>2022.06.04<\/p>\n<\/td>\n<td width=\"113\">\n<p>szombat<\/p>\n<\/td>\n<td width=\"378\">\n<p>&nbsp;<\/p>\n<\/td>\n<\/tr>\n<tr>\n<td width=\"124\">\n<p>2022.06.05<\/p>\n<\/td>\n<td width=\"113\">\n<p>vas\u00e1rnap<\/p>\n<\/td>\n<td width=\"378\">\n<p>&nbsp;<\/p>\n<\/td>\n<\/tr>\n<tr>\n<td width=\"124\">\n<p>2022.06.06<\/p>\n<\/td>\n<td width=\"113\">\n<p>h\u00e9tf\u0151<\/p>\n<\/td>\n<td width=\"378\">\n<p>P\u00fcnk\u00f6sd<\/p>\n<\/td>\n<\/tr>\n<tr>\n<td width=\"124\">\n<p>2022.06.07<\/p>\n<\/td>\n<td width=\"113\">\n<p>kedd<\/p>\n<\/td>\n<td width=\"378\">\n<p>Oszt\u00e1lyoz\u00f3vizsg\u00e1k kezdete<\/p>\n<p>felel\u0151s: Juh\u00e1szn\u00e9 Csordos T\u00fcnde<\/p>\n<\/td>\n<\/tr>\n<tr>\n<td width=\"124\">\n<p>2022.06.08<\/p>\n<\/td>\n<td width=\"113\">\n<p>szerda<\/p>\n<\/td>\n<td width=\"378\">\n<p>&nbsp;<\/p>\n<\/td>\n<\/tr>\n<tr>\n<td width=\"124\">\n<p>2022.06.09<\/p>\n<\/td>\n<td width=\"113\">\n<p>cs\u00fct\u00f6rt\u00f6k<\/p>\n<\/td>\n<td width=\"378\">\n<p>9 \u00f3ra Lakat K\u00e1roly Labdar\u00fag\u00f3 Eml\u00e9ktorna<\/p>\n<p>felel\u0151s: V\u00edgh Zsolt<\/p>\n<p>&nbsp;<\/p>\n<p>7 \u00f3ra Oszt\u00e1lyoz\u00f3 \u00e9rtekezlet<\/p>\n<\/td>\n<\/tr>\n<tr>\n<td width=\"124\">\n<p>2022.06.10<\/p>\n<\/td>\n<td width=\"113\">\n<p>p\u00e9ntek<\/p>\n<\/td>\n<td width=\"378\">\n<p><strong>Tan\u00edt\u00e1s n\u00e9lk\u00fcli munkanap<\/strong><\/p>\n<p><strong>&nbsp;Oszt\u00e1lykir\u00e1ndul\u00e1sok<\/strong><\/p>\n<p>9 \u00f3ra S\u00f6v\u00e9ny-\u00d6koolimpia Di\u00e1koknak<\/p>\n<p>felel\u0151s: Juh\u00e1szn\u00e9 Cs. T\u00fcnde<\/p>\n<\/td>\n<\/tr>\n<tr>\n<td width=\"124\">\n<p>2022.06.11<\/p>\n<\/td>\n<td width=\"113\">\n<p>szombat<\/p>\n<\/td>\n<td width=\"378\">\n<p>&nbsp;<\/p>\n<p><strong>&nbsp;<\/strong><\/p>\n<\/td>\n<\/tr>\n<tr>\n<td width=\"124\">\n<p>2022.06.12<\/p>\n<\/td>\n<td width=\"113\">\n<p>vas\u00e1rnap<\/p>\n<\/td>\n<td width=\"378\">\n<p>&nbsp;<\/p>\n<\/td>\n<\/tr>\n<tr>\n<td width=\"124\">\n<p>2022.06.13<\/p>\n<\/td>\n<td width=\"113\">\n<p>h\u00e9tf\u0151<\/p>\n<\/td>\n<td width=\"378\">\n<p>&nbsp;<\/p>\n<\/td>\n<\/tr>\n<tr>\n<td width=\"124\">\n<p>2022.06.14<\/p>\n<\/td>\n<td width=\"113\">\n<p>kedd<\/p>\n<\/td>\n<td width=\"378\">\n<p>14 \u00f3ra R\u00f6plabda eredm\u00e9nyhirdet\u00e9s, \u00e9vz\u00e1r\u00f3 a Tulip\u00e1nos iskol\u00e1ban<\/p>\n<p>felel\u0151s: K\u00e1r\u00e1ndi D\u00e1vid<\/p>\n<p>17 \u00f3ra Bankett<\/p>\n<p>felel\u0151s: Harcs\u00e1n\u00e9 Auerbach Petra<\/p>\n<p>&nbsp;<\/p>\n<\/td>\n<\/tr>\n<tr>\n<td width=\"124\">\n<p>2022.06.15<\/p>\n<\/td>\n<td width=\"113\">\n<p>szerda<\/p>\n<\/td>\n<td width=\"378\">\n<p>Utols\u00f3 tan\u00edt\u00e1si nap<\/p>\n<p>17 \u00f3ra Ballag\u00e1s<\/p>\n<p>felel\u0151s: Kiss L\u00e1szl\u00f3n\u00e9<\/p>\n<p>&nbsp;<\/p>\n<\/td>\n<\/tr>\n<tr>\n<td width=\"124\">\n<p>2022.06.16<\/p>\n<\/td>\n<td width=\"113\">\n<p>cs\u00fct\u00f6rt\u00f6k<\/p>\n<\/td>\n<td width=\"378\">\n<p>&nbsp;<\/p>\n<\/td>\n<\/tr>\n<tr>\n<td width=\"124\">\n<p>2022.06.17<\/p>\n<\/td>\n<td width=\"113\">\n<p>p\u00e9ntek<\/p>\n<\/td>\n<td width=\"378\">\n<p>&nbsp;17 \u00f3ra Tan\u00e9vz\u00e1r\u00f3 \u00fcnnep\u00e9ly<\/p>\n<p>felel\u0151s: K\u0151falvi Kl\u00e1ra<\/p>\n<\/td>\n<\/tr>\n<tr>\n<td width=\"124\">\n<p>2022.06.18<\/p>\n<\/td>\n<td width=\"113\">\n<p>szombat<\/p>\n<\/td>\n<td width=\"378\">\n<p>&nbsp;<\/p>\n<p>&nbsp;<\/p>\n<\/td>\n<\/tr>\n<tr>\n<td width=\"124\">\n<p>2022.06.19<\/p>\n<\/td>\n<td width=\"113\">\n<p>vas\u00e1rnap<\/p>\n<\/td>\n<td width=\"378\">\n<p>&nbsp;<\/p>\n<\/td>\n<\/tr>\n<tr>\n<td width=\"124\">\n<p>2022.06.20<\/p>\n<\/td>\n<td width=\"113\">\n<p>h\u00e9tf\u0151<\/p>\n<\/td>\n<td width=\"378\">\n<p>&nbsp;<\/p>\n<\/td>\n<\/tr>\n<tr>\n<td width=\"124\">\n<p>2022.06.21<\/p>\n<\/td>\n<td width=\"113\">\n<p>kedd<\/p>\n<\/td>\n<td width=\"378\">\n<p>&nbsp;<\/p>\n<\/td>\n<\/tr>\n<tr>\n<td width=\"124\">\n<p>2022.06.22<\/p>\n<\/td>\n<td width=\"113\">\n<p>szerda<\/p>\n<\/td>\n<td width=\"378\">\n<p>9 \u00f3ra Mobilis EFOP-3.3.6-17 projekt z\u00e1r\u00f3rendezv\u00e9nye<\/p>\n<p>Munkak\u00f6z\u00f6ss\u00e9gi besz\u00e1mol\u00f3k lead\u00e1sa<\/p>\n<\/td>\n<\/tr>\n<tr>\n<td width=\"124\">\n<p>2022.06.23<\/p>\n<\/td>\n<td width=\"113\">\n<p>cs\u00fct\u00f6rt\u00f6k<\/p>\n<\/td>\n<td width=\"378\">\n<p>&nbsp;<\/p>\n<\/td>\n<\/tr>\n<tr>\n<td width=\"124\">\n<p>2022.06.24<\/p>\n<\/td>\n<td width=\"113\">\n<p>p\u00e9ntek<\/p>\n<\/td>\n<td width=\"378\">\n<p>Feh\u00e9r asztal, nyugd\u00edjas b\u00facs\u00faztat\u00f3<\/p>\n<p>felel\u0151s: S\u00fct\u00f6rin\u00e9 Hada Ildik\u00f3<\/p>\n<\/td>\n<\/tr>\n<tr>\n<td width=\"124\">\n<p>2022.06.25<\/p>\n<\/td>\n<td width=\"113\">\n<p>szombat<\/p>\n<\/td>\n<td width=\"378\">\n<p>&nbsp;<\/p>\n<\/td>\n<\/tr>\n<tr>\n<td width=\"124\">\n<p>2022.06.26<\/p>\n<\/td>\n<td width=\"113\">\n<p>vas\u00e1rnap<\/p>\n<\/td>\n<td width=\"378\">\n<p>&nbsp;<\/p>\n<\/td>\n<\/tr>\n<tr>\n<td width=\"124\">\n<p>2022.06.27<\/p>\n<\/td>\n<td width=\"113\">\n<p>h\u00e9tf\u0151<\/p>\n<\/td>\n<td width=\"378\">\n<p>Idegen nyelvi t\u00e1bor kezdete<\/p>\n<p>felel\u0151s: Kiss L\u00e1szl\u00f3n\u00e9<\/p>\n<p>k\u00eds\u00e9r\u0151: Horv\u00e1thn\u00e9 T\u00f6r\u00f6k Melinda<\/p>\n<\/td>\n<\/tr>\n<tr>\n<td width=\"124\">\n<p>2022.06.28<\/p>\n<\/td>\n<td width=\"113\">\n<p>kedd<\/p>\n<\/td>\n<td width=\"378\">\n<p>&nbsp;<\/p>\n<\/td>\n<\/tr>\n<tr>\n<td width=\"124\">\n<p>2022.06.29<\/p>\n<\/td>\n<td width=\"113\">\n<p>szerda<\/p>\n<\/td>\n<td width=\"378\">\n<p>Tan\u00e9vz\u00e1r\u00f3 \u00e9rtekezlet<\/p>\n<p>felel\u0151s: Sulyokn\u00e9 Kelemen Judit<\/p>\n<\/td>\n<\/tr>\n<tr>\n<td width=\"124\">\n<p>2022.06.30<\/p>\n<\/td>\n<td width=\"113\">\n<p>cs\u00fct\u00f6rt\u00f6k<\/p>\n<\/td>\n<td width=\"378\">\n<p>&nbsp;<\/p>\n<\/td>\n<\/tr>\n<\/tbody>\n<\/table>\n","protected":false},"excerpt":{"rendered":"","protected":false},"author":4,"featured_media":0,"comment_status":"closed","ping_status":"open","sticky":false,"template":"","format":"standard","meta":{"ngg_post_thumbnail":0,"footnotes":""},"categories":[28],"tags":[],"class_list":["post-3183","post","type-post","status-publish","format-standard","hentry","category-esemenyek-2019"],"_links":{"self":[{"href":"http:\/\/www.radnotiiskola.hu\/new\/wp-json\/wp\/v2\/posts\/3183","targetHints":{"allow":["GET"]}}],"collection":[{"href":"http:\/\/www.radnotiiskola.hu\/new\/wp-json\/wp\/v2\/posts"}],"about":[{"href":"http:\/\/www.radnotiiskola.hu\/new\/wp-json\/wp\/v2\/types\/post"}],"author":[{"embeddable":true,"href":"http:\/\/www.radnotiiskola.hu\/new\/wp-json\/wp\/v2\/users\/4"}],"replies":[{"embeddable":true,"href":"http:\/\/www.radnotiiskola.hu\/new\/wp-json\/wp\/v2\/comments?post=3183"}],"version-history":[{"count":0,"href":"http:\/\/www.radnotiiskola.hu\/new\/wp-json\/wp\/v2\/posts\/3183\/revisions"}],"wp:attachment":[{"href":"http:\/\/www.radnotiiskola.hu\/new\/wp-json\/wp\/v2\/media?parent=3183"}],"wp:term":[{"taxonomy":"category","embeddable":true,"href":"http:\/\/www.radnotiiskola.hu\/new\/wp-json\/wp\/v2\/categories?post=3183"},{"taxonomy":"post_tag","embeddable":true,"href":"http:\/\/www.radnotiiskola.hu\/new\/wp-json\/wp\/v2\/tags?post=3183"}],"curies":[{"name":"wp","href":"https:\/\/api.w.org\/{rel}","templated":true}]}}