{"id":3189,"date":"2022-05-31T07:32:22","date_gmt":"2022-05-31T07:32:22","guid":{"rendered":"http:\/\/www.radnotiiskola.hu\/new\/?p=3189"},"modified":"2022-05-31T07:32:24","modified_gmt":"2022-05-31T07:32:24","slug":"dr-lakat-karoly-labdarugo-emlektorna","status":"publish","type":"post","link":"http:\/\/www.radnotiiskola.hu\/new\/2022\/05\/31\/dr-lakat-karoly-labdarugo-emlektorna\/","title":{"rendered":"Dr. Lakat K\u00e1roly Labdar\u00fag\u00f3 Eml\u00e9ktorna"},"content":{"rendered":"\n<p><!--more--><\/p>\n<p><img loading=\"lazy\" decoding=\"async\" class=\"alignnone size-full wp-image-3190\" src=\"http:\/\/www.radnotiiskola.hu\/new\/wp-content\/uploads\/2022\/05\/dr-lakat-karoly.jpg\" alt=\"\" width=\"919\" height=\"1279\" srcset=\"http:\/\/www.radnotiiskola.hu\/new\/wp-content\/uploads\/2022\/05\/dr-lakat-karoly.jpg 919w, http:\/\/www.radnotiiskola.hu\/new\/wp-content\/uploads\/2022\/05\/dr-lakat-karoly-216x300.jpg 216w, http:\/\/www.radnotiiskola.hu\/new\/wp-content\/uploads\/2022\/05\/dr-lakat-karoly-736x1024.jpg 736w, http:\/\/www.radnotiiskola.hu\/new\/wp-content\/uploads\/2022\/05\/dr-lakat-karoly-768x1069.jpg 768w\" sizes=\"auto, (max-width: 919px) 100vw, 919px\" \/><\/p>\n","protected":false},"excerpt":{"rendered":"","protected":false},"author":4,"featured_media":0,"comment_status":"closed","ping_status":"open","sticky":false,"template":"","format":"standard","meta":{"ngg_post_thumbnail":0,"footnotes":""},"categories":[44],"tags":[],"class_list":["post-3189","post","type-post","status-publish","format-standard","hentry","category-esemenyek-2022"],"_links":{"self":[{"href":"http:\/\/www.radnotiiskola.hu\/new\/wp-json\/wp\/v2\/posts\/3189","targetHints":{"allow":["GET"]}}],"collection":[{"href":"http:\/\/www.radnotiiskola.hu\/new\/wp-json\/wp\/v2\/posts"}],"about":[{"href":"http:\/\/www.radnotiiskola.hu\/new\/wp-json\/wp\/v2\/types\/post"}],"author":[{"embeddable":true,"href":"http:\/\/www.radnotiiskola.hu\/new\/wp-json\/wp\/v2\/users\/4"}],"replies":[{"embeddable":true,"href":"http:\/\/www.radnotiiskola.hu\/new\/wp-json\/wp\/v2\/comments?post=3189"}],"version-history":[{"count":0,"href":"http:\/\/www.radnotiiskola.hu\/new\/wp-json\/wp\/v2\/posts\/3189\/revisions"}],"wp:attachment":[{"href":"http:\/\/www.radnotiiskola.hu\/new\/wp-json\/wp\/v2\/media?parent=3189"}],"wp:term":[{"taxonomy":"category","embeddable":true,"href":"http:\/\/www.radnotiiskola.hu\/new\/wp-json\/wp\/v2\/categories?post=3189"},{"taxonomy":"post_tag","embeddable":true,"href":"http:\/\/www.radnotiiskola.hu\/new\/wp-json\/wp\/v2\/tags?post=3189"}],"curies":[{"name":"wp","href":"https:\/\/api.w.org\/{rel}","templated":true}]}}