{"id":3287,"date":"2022-10-17T13:00:07","date_gmt":"2022-10-17T13:00:07","guid":{"rendered":"http:\/\/www.radnotiiskola.hu\/new\/?p=3287"},"modified":"2022-10-17T13:00:11","modified_gmt":"2022-10-17T13:00:11","slug":"belvarosi-sulivaro-elso-foglalkozas","status":"publish","type":"post","link":"http:\/\/www.radnotiiskola.hu\/new\/2022\/10\/17\/belvarosi-sulivaro-elso-foglalkozas\/","title":{"rendered":"BELV\u00c1ROSI SULIV\u00c1R\u00d3 \u2013 ELS\u0150 FOGLALKOZ\u00c1S"},"content":{"rendered":"\n<p style=\"text-align: center;\"><strong><em>OKT\u00d3BER 19.<\/em><\/strong><!--more--><\/p>\n<p><img loading=\"lazy\" decoding=\"async\" class=\"size-full wp-image-3083 alignright\" src=\"http:\/\/www.radnotiiskola.hu\/new\/wp-content\/uploads\/2022\/04\/memori.png\" alt=\"\" width=\"250\" height=\"202\"><span style=\"font-size: inherit;\">A j\u00e1t\u00e9kos, mozg\u00e1sos, bar\u00e1ts\u00e1gos l\u00e9gk\u00f6r\u0171 foglalkoz\u00e1sainkon fejlesztj\u00fck, er\u0151s\u00edtj\u00fck az iskol\u00e1ba k\u00e9sz\u00fcl\u0151 gyerekek azon k\u00e9pess\u00e9geit, melyek az els\u0151 oszt\u00e1ly sikeres, z\u00f6kken\u0151mentes kezd\u00e9s\u00e9hez sz\u00fcks\u00e9gesek. <\/span><span style=\"font-size: inherit;\">A foglalkoz\u00e1s 15:30-t\u00f3l 16:15-ig tart.<\/span><\/p>\n<p><strong>A foglalkoz\u00e1s t\u00e9<\/strong><strong>m\u00e1ja:<br><\/strong>T\u00e9ri t\u00e1j\u00e9koz\u00f3d\u00e1s fejleszt\u00e9se j\u00e1t\u00e9kosan: rejtv\u00e9nyek, fejt\u00f6r\u0151k, logikai feladatok<\/p>\n","protected":false},"excerpt":{"rendered":"<p>OKT\u00d3BER 19.<\/p>\n","protected":false},"author":4,"featured_media":0,"comment_status":"closed","ping_status":"open","sticky":false,"template":"","format":"standard","meta":{"ngg_post_thumbnail":0,"footnotes":""},"categories":[28],"tags":[],"class_list":["post-3287","post","type-post","status-publish","format-standard","hentry","category-esemenyek-2019"],"_links":{"self":[{"href":"http:\/\/www.radnotiiskola.hu\/new\/wp-json\/wp\/v2\/posts\/3287","targetHints":{"allow":["GET"]}}],"collection":[{"href":"http:\/\/www.radnotiiskola.hu\/new\/wp-json\/wp\/v2\/posts"}],"about":[{"href":"http:\/\/www.radnotiiskola.hu\/new\/wp-json\/wp\/v2\/types\/post"}],"author":[{"embeddable":true,"href":"http:\/\/www.radnotiiskola.hu\/new\/wp-json\/wp\/v2\/users\/4"}],"replies":[{"embeddable":true,"href":"http:\/\/www.radnotiiskola.hu\/new\/wp-json\/wp\/v2\/comments?post=3287"}],"version-history":[{"count":0,"href":"http:\/\/www.radnotiiskola.hu\/new\/wp-json\/wp\/v2\/posts\/3287\/revisions"}],"wp:attachment":[{"href":"http:\/\/www.radnotiiskola.hu\/new\/wp-json\/wp\/v2\/media?parent=3287"}],"wp:term":[{"taxonomy":"category","embeddable":true,"href":"http:\/\/www.radnotiiskola.hu\/new\/wp-json\/wp\/v2\/categories?post=3287"},{"taxonomy":"post_tag","embeddable":true,"href":"http:\/\/www.radnotiiskola.hu\/new\/wp-json\/wp\/v2\/tags?post=3287"}],"curies":[{"name":"wp","href":"https:\/\/api.w.org\/{rel}","templated":true}]}}