{"id":3340,"date":"2022-12-06T15:51:00","date_gmt":"2022-12-06T15:51:00","guid":{"rendered":"http:\/\/www.radnotiiskola.hu\/new\/?p=3340"},"modified":"2022-12-07T15:57:47","modified_gmt":"2022-12-07T15:57:47","slug":"mikulas-az-iskolankban","status":"publish","type":"post","link":"http:\/\/www.radnotiiskola.hu\/new\/2022\/12\/06\/mikulas-az-iskolankban\/","title":{"rendered":"Mikul\u00e1s az iskol\u00e1nkban"},"content":{"rendered":"\n<p style=\"text-align: center;\"><strong>MIKUL\u00c1S L\u00c1TOGAT\u00c1SA ISKOL\u00c1NKBAN<\/strong><\/p>\n<p style=\"text-align: center;\"><strong>2022. december 6.<\/strong><\/p>\n<p style=\"text-align: justify;\"><strong><em>&nbsp;<\/em><\/strong><\/p>\n<p style=\"text-align: justify;\"><strong><em>J\u00f3nak lenni j\u00f3!<\/em><\/strong><\/p>\n<p style=\"text-align: justify;\"><!--more-->Az advent sz\u00f3 jelent\u00e9se <strong>elj\u00f6vetel<\/strong>. Iskol\u00e1nkban mi is megpr\u00f3b\u00e1lunk ebben az id\u0151szakban elcs\u00f6ndesedni, egym\u00e1sra jobban odafigyelni, sz\u00edv\u00fcnket kit\u00e1rva a m\u00e1sik fel\u00e9.<br>Az advent nyit\u00f3 \u00fcnnepe egyed\u00fcl a gyermekek\u00e9. Akik Mikul\u00e1s \u00fcnnep\u00e9re kif\u00e9nyes\u00edtik csizm\u00e1csk\u00e1ikat \u00e9s <strong>kiteszik<\/strong> az ablakba, hogy abba tegye Mikul\u00e1s meglepet\u00e9s aj\u00e1nd\u00e9kait.<img loading=\"lazy\" decoding=\"async\" class=\"size-medium wp-image-3341 alignright\" src=\"http:\/\/www.radnotiiskola.hu\/new\/wp-content\/uploads\/2022\/12\/317135843_1501299283710586_128867885884976609_n-225x300.jpg\" alt=\"\" width=\"225\" height=\"300\" srcset=\"http:\/\/www.radnotiiskola.hu\/new\/wp-content\/uploads\/2022\/12\/317135843_1501299283710586_128867885884976609_n-225x300.jpg 225w, http:\/\/www.radnotiiskola.hu\/new\/wp-content\/uploads\/2022\/12\/317135843_1501299283710586_128867885884976609_n-768x1024.jpg 768w, http:\/\/www.radnotiiskola.hu\/new\/wp-content\/uploads\/2022\/12\/317135843_1501299283710586_128867885884976609_n-1152x1536.jpg 1152w, http:\/\/www.radnotiiskola.hu\/new\/wp-content\/uploads\/2022\/12\/317135843_1501299283710586_128867885884976609_n.jpg 1200w\" sizes=\"auto, (max-width: 225px) 100vw, 225px\" \/><br>\u0150t <strong>l\u00e1tni term\u00e9szetesen nem<\/strong> fogj\u00e1k, hisz mostan\u00e1ban m\u00e1r nagyon kor\u00e1n s\u00f6t\u00e9tedik. A Mikul\u00e1s pedig nagyon <strong>gyorsan j\u00f6n<\/strong> \u00e9s egy <strong>pillanat alatt<\/strong> m\u00e1r tova is siet sz\u00e1nj\u00e1val, mert egy \u00e9jszaka alatt a vil\u00e1g \u00f6sszes gyermek\u00e9t meg kell l\u00e1togatnia. Amelyik gyerek azonban nagyon szerencs\u00e9s, az szem\u00e9lyesen is tal\u00e1lkozhat vele.&nbsp;<br>\u00cdgy volt ez a <strong>radn\u00f3tis kisdi\u00e1kokkal<\/strong> is. Hiszen S\u00fct\u00f6rin\u00e9 Ildi n\u00e9ni \u00edrt Mikul\u00e1snak egy levelet, melyben arra k\u00e9rte, hogy l\u00e1togasson el iskol\u00e1nkba. S ahogy lenni szokott, Mikul\u00e1s teljes\u00edtette is ezt a k\u00edv\u00e1ns\u00e1got.<br><strong>A gyerekek nagyon \u00f6r\u00fcltek a v\u00e1ratlan vend\u00e9gnek.<\/strong> &nbsp;S hogy kipihenje utaz\u00e1sa f\u00e1radalmait, \u00e9nekkel, verssel \u00e9s s\u00fctem\u00e9nnyel \u00f6rvendeztett\u00e9k meg a j\u00f3s\u00e1gos \u00f6regembert.<img loading=\"lazy\" decoding=\"async\" class=\"size-medium wp-image-3342 alignright\" src=\"http:\/\/www.radnotiiskola.hu\/new\/wp-content\/uploads\/2022\/12\/318271771_872070470644958_253505355408318070_n-300x225.jpg\" alt=\"\" width=\"300\" height=\"225\" srcset=\"http:\/\/www.radnotiiskola.hu\/new\/wp-content\/uploads\/2022\/12\/318271771_872070470644958_253505355408318070_n-300x225.jpg 300w, http:\/\/www.radnotiiskola.hu\/new\/wp-content\/uploads\/2022\/12\/318271771_872070470644958_253505355408318070_n-1024x767.jpg 1024w, http:\/\/www.radnotiiskola.hu\/new\/wp-content\/uploads\/2022\/12\/318271771_872070470644958_253505355408318070_n-768x575.jpg 768w, http:\/\/www.radnotiiskola.hu\/new\/wp-content\/uploads\/2022\/12\/318271771_872070470644958_253505355408318070_n-1536x1150.jpg 1536w, http:\/\/www.radnotiiskola.hu\/new\/wp-content\/uploads\/2022\/12\/318271771_872070470644958_253505355408318070_n.jpg 2048w\" sizes=\"auto, (max-width: 300px) 100vw, 300px\" \/><br>Meghallgattuk a \u201e<strong>Hull a pelyhes\u201d,<\/strong> a \u201e<strong>Sz\u00e1ncseng\u0151\u201d, <\/strong>a<strong> \u201eSz\u00edv\u00fcnk r\u00e9g ide v\u00e1r\u201d, <\/strong>a <strong>\u201eLassan j\u00e1r T\u00e9lap\u00f3\u201d <\/strong>\u00e9s az \u201e<strong>Ember, ember, december\u201d c. dalt. <\/strong>Elverselt\u00e9k Don\u00e1szy Magda:<strong> T\u00e9lap\u00f3hoz, <\/strong>Mentovics \u00c9va: <strong>Mikul\u00e1s-k\u00f6sz\u00f6nt\u0151, <\/strong>Galambos Bernadett:<strong> Aj\u00e1nd\u00e9k <\/strong>c. vers\u00e9t, \u00e9s a <strong>When Santa Claus Comes <\/strong>angol vers is elhangzott.<\/p>\n<p style=\"text-align: justify;\"><strong>Mikul\u00e1snak nagyon tetszett valamennyi produkci\u00f3<\/strong>, s viszonz\u00e1sul minden als\u00f3sr\u00f3l felolvasta a mindent l\u00e1t\u00f3 k\u00f6nyv\u00e9b\u0151l, hogy kir\u0151l mi j\u00f3t, s rosszat hallott, s term\u00e9szetesen szaloncukor is el\u0151ker\u00fclt Mikul\u00e1s zs\u00e1kj\u00e1b\u00f3l jutalmaz\u00e1sk\u00e9nt.<img loading=\"lazy\" decoding=\"async\" class=\"size-medium wp-image-3343 alignright\" src=\"http:\/\/www.radnotiiskola.hu\/new\/wp-content\/uploads\/2022\/12\/318188200_1341044193325595_2552376174402636819_n-300x225.jpg\" alt=\"\" width=\"300\" height=\"225\" srcset=\"http:\/\/www.radnotiiskola.hu\/new\/wp-content\/uploads\/2022\/12\/318188200_1341044193325595_2552376174402636819_n-300x225.jpg 300w, http:\/\/www.radnotiiskola.hu\/new\/wp-content\/uploads\/2022\/12\/318188200_1341044193325595_2552376174402636819_n-1024x767.jpg 1024w, http:\/\/www.radnotiiskola.hu\/new\/wp-content\/uploads\/2022\/12\/318188200_1341044193325595_2552376174402636819_n-768x575.jpg 768w, http:\/\/www.radnotiiskola.hu\/new\/wp-content\/uploads\/2022\/12\/318188200_1341044193325595_2552376174402636819_n-1536x1150.jpg 1536w, http:\/\/www.radnotiiskola.hu\/new\/wp-content\/uploads\/2022\/12\/318188200_1341044193325595_2552376174402636819_n.jpg 2048w\" sizes=\"auto, (max-width: 300px) 100vw, 300px\" \/><\/p>\n<p style=\"text-align: justify;\"><strong>S v\u00e9g\u00fcl meg\u00edg\u00e9rte, hogy j\u00f6v\u0151re is ell\u00e1togat a radn\u00f3tis kisdi\u00e1kokhoz!<\/strong><\/p>\n<p style=\"text-align: justify;\"><strong>&nbsp;<\/strong><\/p>\n<p style=\"text-align: justify;\"><strong>Szervez\u0151:<br><\/strong>S\u00fct\u00f6rin\u00e9 Hada Ildik\u00f3<br><strong>als\u00f3s munkak\u00f6z\u00f6ss\u00e9g-vezet\u0151<\/strong><\/p>\n<p>A f\u00e9nyk\u00e9pek <a href=\"https:\/\/drive.google.com\/drive\/folders\/16Ww-bcb5i5wg_elBECT__QL2lszfCt3q?usp=share_link\">ide<\/a> kattintva tekinthet\u0151ek meg!<\/p>\n","protected":false},"excerpt":{"rendered":"<p>MIKUL\u00c1S L\u00c1TOGAT\u00c1SA ISKOL\u00c1NKBAN 2022. december 6. &nbsp; J\u00f3nak lenni j\u00f3!<\/p>\n","protected":false},"author":4,"featured_media":0,"comment_status":"closed","ping_status":"open","sticky":false,"template":"","format":"standard","meta":{"ngg_post_thumbnail":0,"footnotes":""},"categories":[28],"tags":[],"class_list":["post-3340","post","type-post","status-publish","format-standard","hentry","category-esemenyek-2019"],"_links":{"self":[{"href":"http:\/\/www.radnotiiskola.hu\/new\/wp-json\/wp\/v2\/posts\/3340","targetHints":{"allow":["GET"]}}],"collection":[{"href":"http:\/\/www.radnotiiskola.hu\/new\/wp-json\/wp\/v2\/posts"}],"about":[{"href":"http:\/\/www.radnotiiskola.hu\/new\/wp-json\/wp\/v2\/types\/post"}],"author":[{"embeddable":true,"href":"http:\/\/www.radnotiiskola.hu\/new\/wp-json\/wp\/v2\/users\/4"}],"replies":[{"embeddable":true,"href":"http:\/\/www.radnotiiskola.hu\/new\/wp-json\/wp\/v2\/comments?post=3340"}],"version-history":[{"count":0,"href":"http:\/\/www.radnotiiskola.hu\/new\/wp-json\/wp\/v2\/posts\/3340\/revisions"}],"wp:attachment":[{"href":"http:\/\/www.radnotiiskola.hu\/new\/wp-json\/wp\/v2\/media?parent=3340"}],"wp:term":[{"taxonomy":"category","embeddable":true,"href":"http:\/\/www.radnotiiskola.hu\/new\/wp-json\/wp\/v2\/categories?post=3340"},{"taxonomy":"post_tag","embeddable":true,"href":"http:\/\/www.radnotiiskola.hu\/new\/wp-json\/wp\/v2\/tags?post=3340"}],"curies":[{"name":"wp","href":"https:\/\/api.w.org\/{rel}","templated":true}]}}