{"id":3380,"date":"2023-01-23T17:01:09","date_gmt":"2023-01-23T17:01:09","guid":{"rendered":"http:\/\/www.radnotiiskola.hu\/new\/?p=3380"},"modified":"2023-01-23T17:01:11","modified_gmt":"2023-01-23T17:01:11","slug":"belvarosi-sulivaro-11","status":"publish","type":"post","link":"http:\/\/www.radnotiiskola.hu\/new\/2023\/01\/23\/belvarosi-sulivaro-11\/","title":{"rendered":"BELV\u00c1ROSI SULIV\u00c1R\u00d3"},"content":{"rendered":"\n<p><strong><em>JANU\u00c1R 25.<\/em><\/strong><\/p>\n<p style=\"text-align: justify;\"><img loading=\"lazy\" decoding=\"async\" class=\"size-medium wp-image-2928 alignright\" src=\"http:\/\/www.radnotiiskola.hu\/new\/wp-content\/uploads\/2022\/01\/itt-a-farsang-300x202.jpg\" alt=\"\" width=\"300\" height=\"202\" srcset=\"http:\/\/www.radnotiiskola.hu\/new\/wp-content\/uploads\/2022\/01\/itt-a-farsang-300x202.jpg 300w, http:\/\/www.radnotiiskola.hu\/new\/wp-content\/uploads\/2022\/01\/itt-a-farsang.jpg 400w\" sizes=\"auto, (max-width: 300px) 100vw, 300px\" \/><span style=\"font-size: inherit;\">A j\u00e1t\u00e9kos, mozg\u00e1sos, bar\u00e1ts\u00e1gos l\u00e9gk\u00f6r\u0171 foglalkoz\u00e1sainkon fejlesztj\u00fck, er\u0151s\u00edtj\u00fck az iskol\u00e1ba k\u00e9sz\u00fcl\u0151 gyerekek azon k\u00e9pess\u00e9geit, melyek az els\u0151 oszt\u00e1ly sikeres, z\u00f6kken\u0151mentes kezd\u00e9s\u00e9hez sz\u00fcks\u00e9gesek.<\/span><span style=\"font-size: inherit;\">A foglalkoz\u00e1s 15:30-t\u00f3l 16:15-ig tart.<\/span><\/p>\n<p><strong>A foglalkoz\u00e1s t\u00e9<\/strong><strong>m\u00e1ja:<br><\/strong>Itt a farsang, \u00e1ll a b\u00e1l! Vid\u00e1m j\u00e1t\u00e9kok, k\u00e9zm\u0171vesked\u00e9s, finom motorika fejleszt\u00e9se<\/p>\n","protected":false},"excerpt":{"rendered":"<p>JANU\u00c1R 25. A j\u00e1t\u00e9kos, mozg\u00e1sos, bar\u00e1ts\u00e1gos l\u00e9gk\u00f6r\u0171 foglalkoz\u00e1sainkon fejlesztj\u00fck, er\u0151s\u00edtj\u00fck az iskol\u00e1ba k\u00e9sz\u00fcl\u0151 gyerekek azon k\u00e9pess\u00e9geit, melyek az els\u0151 oszt\u00e1ly sikeres, z\u00f6kken\u0151mentes kezd\u00e9s\u00e9hez sz\u00fcks\u00e9gesek.A foglalkoz\u00e1s 15:30-t\u00f3l 16:15-ig tart. A foglalkoz\u00e1s t\u00e9m\u00e1ja:Itt a farsang, \u00e1ll a b\u00e1l! Vid\u00e1m j\u00e1t\u00e9kok, k\u00e9zm\u0171vesked\u00e9s, finom motorika fejleszt\u00e9se<\/p>\n","protected":false},"author":4,"featured_media":0,"comment_status":"closed","ping_status":"open","sticky":false,"template":"","format":"standard","meta":{"ngg_post_thumbnail":0,"footnotes":""},"categories":[48],"tags":[],"class_list":["post-3380","post","type-post","status-publish","format-standard","hentry","category-esemenyek-2023"],"_links":{"self":[{"href":"http:\/\/www.radnotiiskola.hu\/new\/wp-json\/wp\/v2\/posts\/3380","targetHints":{"allow":["GET"]}}],"collection":[{"href":"http:\/\/www.radnotiiskola.hu\/new\/wp-json\/wp\/v2\/posts"}],"about":[{"href":"http:\/\/www.radnotiiskola.hu\/new\/wp-json\/wp\/v2\/types\/post"}],"author":[{"embeddable":true,"href":"http:\/\/www.radnotiiskola.hu\/new\/wp-json\/wp\/v2\/users\/4"}],"replies":[{"embeddable":true,"href":"http:\/\/www.radnotiiskola.hu\/new\/wp-json\/wp\/v2\/comments?post=3380"}],"version-history":[{"count":0,"href":"http:\/\/www.radnotiiskola.hu\/new\/wp-json\/wp\/v2\/posts\/3380\/revisions"}],"wp:attachment":[{"href":"http:\/\/www.radnotiiskola.hu\/new\/wp-json\/wp\/v2\/media?parent=3380"}],"wp:term":[{"taxonomy":"category","embeddable":true,"href":"http:\/\/www.radnotiiskola.hu\/new\/wp-json\/wp\/v2\/categories?post=3380"},{"taxonomy":"post_tag","embeddable":true,"href":"http:\/\/www.radnotiiskola.hu\/new\/wp-json\/wp\/v2\/tags?post=3380"}],"curies":[{"name":"wp","href":"https:\/\/api.w.org\/{rel}","templated":true}]}}