{"id":3400,"date":"2023-02-21T04:54:00","date_gmt":"2023-02-21T04:54:00","guid":{"rendered":"http:\/\/www.radnotiiskola.hu\/new\/?p=3400"},"modified":"2023-02-22T04:58:03","modified_gmt":"2023-02-22T04:58:03","slug":"belvarosi-sulivaro-15","status":"publish","type":"post","link":"http:\/\/www.radnotiiskola.hu\/new\/2023\/02\/21\/belvarosi-sulivaro-15\/","title":{"rendered":"BELV\u00c1ROSI SULIV\u00c1R\u00d3"},"content":{"rendered":"\n<p style=\"text-align: justify;\"><strong><em>FEBRU\u00c1R 22.<br><\/em><\/strong><img loading=\"lazy\" decoding=\"async\" class=\"size-medium wp-image-2702 alignright\" src=\"http:\/\/www.radnotiiskola.hu\/new\/wp-content\/uploads\/2021\/10\/ceruza-220x300.jpg\" alt=\"\" width=\"220\" height=\"300\" srcset=\"http:\/\/www.radnotiiskola.hu\/new\/wp-content\/uploads\/2021\/10\/ceruza-220x300.jpg 220w, http:\/\/www.radnotiiskola.hu\/new\/wp-content\/uploads\/2021\/10\/ceruza.jpg 735w\" sizes=\"auto, (max-width: 220px) 100vw, 220px\" \/>A j\u00e1t\u00e9kos, mozg\u00e1sos, bar\u00e1ts\u00e1gos l\u00e9gk\u00f6r\u0171 foglalkoz\u00e1sainkon fejlesztj\u00fck, er\u0151s\u00edtj\u00fck az iskol\u00e1ba k\u00e9sz\u00fcl\u0151 gyerekek azon k\u00e9pess\u00e9geit, melyek az els\u0151 oszt\u00e1ly sikeres, z\u00f6kken\u0151mentes kezd\u00e9s\u00e9hez sz\u00fcks\u00e9gesek.<br>A foglalkoz\u00e1s 15:30-t\u00f3l 16:15-ig tart.<\/p>\n<p style=\"text-align: justify;\"><strong>A foglalkoz\u00e1s t\u00e9<\/strong><strong>m\u00e1ja:&nbsp;&nbsp;&nbsp;&nbsp;&nbsp;&nbsp;&nbsp;&nbsp;&nbsp;&nbsp;&nbsp;&nbsp; <br><\/strong>K\u00e9ztorna, \u00edr\u00e1sel\u0151k\u00e9sz\u00edt\u0151 gyakorlatok. Finom-motoros k\u00e9pess\u00e9gek fejleszt\u00e9se.<\/p>\n","protected":false},"excerpt":{"rendered":"<p>FEBRU\u00c1R 22.A j\u00e1t\u00e9kos, mozg\u00e1sos, bar\u00e1ts\u00e1gos l\u00e9gk\u00f6r\u0171 foglalkoz\u00e1sainkon fejlesztj\u00fck, er\u0151s\u00edtj\u00fck az iskol\u00e1ba k\u00e9sz\u00fcl\u0151 gyerekek azon k\u00e9pess\u00e9geit, melyek az els\u0151 oszt\u00e1ly sikeres, z\u00f6kken\u0151mentes kezd\u00e9s\u00e9hez sz\u00fcks\u00e9gesek.A foglalkoz\u00e1s 15:30-t\u00f3l 16:15-ig tart. A foglalkoz\u00e1s t\u00e9m\u00e1ja:&nbsp;&nbsp;&nbsp;&nbsp;&nbsp;&nbsp;&nbsp;&nbsp;&nbsp;&nbsp;&nbsp;&nbsp; K\u00e9ztorna, \u00edr\u00e1sel\u0151k\u00e9sz\u00edt\u0151 gyakorlatok. Finom-motoros k\u00e9pess\u00e9gek fejleszt\u00e9se.<\/p>\n","protected":false},"author":4,"featured_media":0,"comment_status":"closed","ping_status":"open","sticky":false,"template":"","format":"standard","meta":{"ngg_post_thumbnail":0,"footnotes":""},"categories":[48],"tags":[],"class_list":["post-3400","post","type-post","status-publish","format-standard","hentry","category-esemenyek-2023"],"_links":{"self":[{"href":"http:\/\/www.radnotiiskola.hu\/new\/wp-json\/wp\/v2\/posts\/3400","targetHints":{"allow":["GET"]}}],"collection":[{"href":"http:\/\/www.radnotiiskola.hu\/new\/wp-json\/wp\/v2\/posts"}],"about":[{"href":"http:\/\/www.radnotiiskola.hu\/new\/wp-json\/wp\/v2\/types\/post"}],"author":[{"embeddable":true,"href":"http:\/\/www.radnotiiskola.hu\/new\/wp-json\/wp\/v2\/users\/4"}],"replies":[{"embeddable":true,"href":"http:\/\/www.radnotiiskola.hu\/new\/wp-json\/wp\/v2\/comments?post=3400"}],"version-history":[{"count":0,"href":"http:\/\/www.radnotiiskola.hu\/new\/wp-json\/wp\/v2\/posts\/3400\/revisions"}],"wp:attachment":[{"href":"http:\/\/www.radnotiiskola.hu\/new\/wp-json\/wp\/v2\/media?parent=3400"}],"wp:term":[{"taxonomy":"category","embeddable":true,"href":"http:\/\/www.radnotiiskola.hu\/new\/wp-json\/wp\/v2\/categories?post=3400"},{"taxonomy":"post_tag","embeddable":true,"href":"http:\/\/www.radnotiiskola.hu\/new\/wp-json\/wp\/v2\/tags?post=3400"}],"curies":[{"name":"wp","href":"https:\/\/api.w.org\/{rel}","templated":true}]}}