{"id":3402,"date":"2023-02-22T10:25:11","date_gmt":"2023-02-22T10:25:11","guid":{"rendered":"http:\/\/www.radnotiiskola.hu\/new\/?p=3402"},"modified":"2023-02-28T18:20:35","modified_gmt":"2023-02-28T18:20:35","slug":"alapitvanyi-vacsora-2","status":"publish","type":"post","link":"http:\/\/www.radnotiiskola.hu\/new\/2023\/02\/22\/alapitvanyi-vacsora-2\/","title":{"rendered":"Alap\u00edtv\u00e1nyi vacsora"},"content":{"rendered":"\n<p>Tisztelt Sz\u00fcl\u0151k, Koll\u00e9g\u00e1k, R\u00e9sztvev\u0151k!&nbsp;<\/p>\n<p>Az idei \u00e9vben megtartottuk kellemes hangulat\u00fa alap\u00edtv\u00e1nyi vacsor\u00e1nkat. Megk\u00f6sz\u00f6nj\u00fck a Sz\u00fcl\u0151k, Hozz\u00e1tartoz\u00f3k \u00e9s a Koll\u00e9g\u00e1k r\u00e9szv\u00e9tel\u00e9t, t\u00e1mogat\u00e1s\u00e1t, tombolat\u00e1rgy vagy anyagi felaj\u00e1nl\u00e1s\u00e1t. A befolyt \u00f6sszegb\u0151l a tornatermi \u00fcnneps\u00e9geink sz\u00ednvonalasabb\u00e1 t\u00e9tel\u00e9nek \u00e9rdek\u00e9ben a hangos\u00edt\u00e1st korszer\u0171s\u00edtj\u00fck.&nbsp;<\/p>\n<p><!--more-->\u00d6r\u00f6m\u00fcnkre szolg\u00e1l, hogy egy sz\u00e9p est\u00e9t t\u00f6lthett\u00fcnk egy\u00fctt j\u00f3 hangulatban.<\/p>\n<p><span style=\"color: #000000;\">K\u00f6sz\u00f6nettel:<\/span>&nbsp;<br>Szervez\u0151k : Horv\u00e1thn\u00e9 T\u00f6r\u00f6k Melinda, Stibi &#8211; Szab\u00f3 Marianna, Kov\u00e1csn\u00e9 Szab\u00f3 Judit&nbsp;<\/p>\n<p>Alap\u00edtv\u00e1ny eln\u00f6ke: Rafain\u00e9 Roll Zsuzsanna<\/p>\n<p>K\u00e9pek, melyek a hangulatr\u00f3l \u00e1rulkodnak:&nbsp;<\/p>\n<p><img loading=\"lazy\" decoding=\"async\" class=\"alignnone size-large wp-image-3403\" src=\"http:\/\/www.radnotiiskola.hu\/new\/wp-content\/uploads\/2023\/02\/kep-1-1024x602.jpg\" alt=\"\" width=\"648\" height=\"381\" srcset=\"http:\/\/www.radnotiiskola.hu\/new\/wp-content\/uploads\/2023\/02\/kep-1-1024x602.jpg 1024w, http:\/\/www.radnotiiskola.hu\/new\/wp-content\/uploads\/2023\/02\/kep-1-300x176.jpg 300w, http:\/\/www.radnotiiskola.hu\/new\/wp-content\/uploads\/2023\/02\/kep-1-768x452.jpg 768w, http:\/\/www.radnotiiskola.hu\/new\/wp-content\/uploads\/2023\/02\/kep-1-1536x903.jpg 1536w, http:\/\/www.radnotiiskola.hu\/new\/wp-content\/uploads\/2023\/02\/kep-1.jpg 1561w\" sizes=\"auto, (max-width: 648px) 100vw, 648px\" \/><\/p>\n<p><img loading=\"lazy\" decoding=\"async\" class=\"alignnone size-large wp-image-3404\" src=\"http:\/\/www.radnotiiskola.hu\/new\/wp-content\/uploads\/2023\/02\/331815681_508038068180708_4693109722883153363_n-1024x461.jpg\" alt=\"\" width=\"648\" height=\"292\" srcset=\"http:\/\/www.radnotiiskola.hu\/new\/wp-content\/uploads\/2023\/02\/331815681_508038068180708_4693109722883153363_n-1024x461.jpg 1024w, http:\/\/www.radnotiiskola.hu\/new\/wp-content\/uploads\/2023\/02\/331815681_508038068180708_4693109722883153363_n-300x135.jpg 300w, http:\/\/www.radnotiiskola.hu\/new\/wp-content\/uploads\/2023\/02\/331815681_508038068180708_4693109722883153363_n-768x345.jpg 768w, http:\/\/www.radnotiiskola.hu\/new\/wp-content\/uploads\/2023\/02\/331815681_508038068180708_4693109722883153363_n-1536x691.jpg 1536w, http:\/\/www.radnotiiskola.hu\/new\/wp-content\/uploads\/2023\/02\/331815681_508038068180708_4693109722883153363_n.jpg 2048w\" sizes=\"auto, (max-width: 648px) 100vw, 648px\" \/><\/p>\n<p><img loading=\"lazy\" decoding=\"async\" class=\"alignnone size-large wp-image-3405\" src=\"http:\/\/www.radnotiiskola.hu\/new\/wp-content\/uploads\/2023\/02\/331747462_1062250331359246_7050247936704560948_n-1024x461.jpg\" alt=\"\" width=\"648\" height=\"292\" srcset=\"http:\/\/www.radnotiiskola.hu\/new\/wp-content\/uploads\/2023\/02\/331747462_1062250331359246_7050247936704560948_n-1024x461.jpg 1024w, http:\/\/www.radnotiiskola.hu\/new\/wp-content\/uploads\/2023\/02\/331747462_1062250331359246_7050247936704560948_n-300x135.jpg 300w, http:\/\/www.radnotiiskola.hu\/new\/wp-content\/uploads\/2023\/02\/331747462_1062250331359246_7050247936704560948_n-768x345.jpg 768w, http:\/\/www.radnotiiskola.hu\/new\/wp-content\/uploads\/2023\/02\/331747462_1062250331359246_7050247936704560948_n-1536x691.jpg 1536w, http:\/\/www.radnotiiskola.hu\/new\/wp-content\/uploads\/2023\/02\/331747462_1062250331359246_7050247936704560948_n.jpg 2048w\" sizes=\"auto, (max-width: 648px) 100vw, 648px\" \/><\/p>\n<p>&nbsp;<\/p>\n<p><img loading=\"lazy\" decoding=\"async\" class=\"alignnone size-large wp-image-3407\" src=\"http:\/\/www.radnotiiskola.hu\/new\/wp-content\/uploads\/2023\/02\/331703975_1247501082541736_4720223855633918164_n-461x1024.jpg\" alt=\"\" width=\"461\" height=\"1024\" srcset=\"http:\/\/www.radnotiiskola.hu\/new\/wp-content\/uploads\/2023\/02\/331703975_1247501082541736_4720223855633918164_n-461x1024.jpg 461w, http:\/\/www.radnotiiskola.hu\/new\/wp-content\/uploads\/2023\/02\/331703975_1247501082541736_4720223855633918164_n-135x300.jpg 135w, http:\/\/www.radnotiiskola.hu\/new\/wp-content\/uploads\/2023\/02\/331703975_1247501082541736_4720223855633918164_n-768x1708.jpg 768w, http:\/\/www.radnotiiskola.hu\/new\/wp-content\/uploads\/2023\/02\/331703975_1247501082541736_4720223855633918164_n-691x1536.jpg 691w, http:\/\/www.radnotiiskola.hu\/new\/wp-content\/uploads\/2023\/02\/331703975_1247501082541736_4720223855633918164_n.jpg 921w\" sizes=\"auto, (max-width: 461px) 100vw, 461px\" \/><\/p>\n","protected":false},"excerpt":{"rendered":"<p>Tisztelt Sz\u00fcl\u0151k, Koll\u00e9g\u00e1k, R\u00e9sztvev\u0151k!&nbsp; Az idei \u00e9vben megtartottuk kellemes hangulat\u00fa alap\u00edtv\u00e1nyi vacsor\u00e1nkat. Megk\u00f6sz\u00f6nj\u00fck a Sz\u00fcl\u0151k, Hozz\u00e1tartoz\u00f3k \u00e9s a Koll\u00e9g\u00e1k r\u00e9szv\u00e9tel\u00e9t, t\u00e1mogat\u00e1s\u00e1t, tombolat\u00e1rgy vagy anyagi felaj\u00e1nl\u00e1s\u00e1t. A befolyt \u00f6sszegb\u0151l a tornatermi \u00fcnneps\u00e9geink sz\u00ednvonalasabb\u00e1 t\u00e9tel\u00e9nek \u00e9rdek\u00e9ben a hangos\u00edt\u00e1st korszer\u0171s\u00edtj\u00fck.&nbsp;<\/p>\n","protected":false},"author":4,"featured_media":0,"comment_status":"closed","ping_status":"open","sticky":false,"template":"","format":"standard","meta":{"ngg_post_thumbnail":0,"footnotes":""},"categories":[48],"tags":[],"class_list":["post-3402","post","type-post","status-publish","format-standard","hentry","category-esemenyek-2023"],"_links":{"self":[{"href":"http:\/\/www.radnotiiskola.hu\/new\/wp-json\/wp\/v2\/posts\/3402","targetHints":{"allow":["GET"]}}],"collection":[{"href":"http:\/\/www.radnotiiskola.hu\/new\/wp-json\/wp\/v2\/posts"}],"about":[{"href":"http:\/\/www.radnotiiskola.hu\/new\/wp-json\/wp\/v2\/types\/post"}],"author":[{"embeddable":true,"href":"http:\/\/www.radnotiiskola.hu\/new\/wp-json\/wp\/v2\/users\/4"}],"replies":[{"embeddable":true,"href":"http:\/\/www.radnotiiskola.hu\/new\/wp-json\/wp\/v2\/comments?post=3402"}],"version-history":[{"count":0,"href":"http:\/\/www.radnotiiskola.hu\/new\/wp-json\/wp\/v2\/posts\/3402\/revisions"}],"wp:attachment":[{"href":"http:\/\/www.radnotiiskola.hu\/new\/wp-json\/wp\/v2\/media?parent=3402"}],"wp:term":[{"taxonomy":"category","embeddable":true,"href":"http:\/\/www.radnotiiskola.hu\/new\/wp-json\/wp\/v2\/categories?post=3402"},{"taxonomy":"post_tag","embeddable":true,"href":"http:\/\/www.radnotiiskola.hu\/new\/wp-json\/wp\/v2\/tags?post=3402"}],"curies":[{"name":"wp","href":"https:\/\/api.w.org\/{rel}","templated":true}]}}