{"id":3468,"date":"2023-03-13T15:36:03","date_gmt":"2023-03-13T15:36:03","guid":{"rendered":"http:\/\/www.radnotiiskola.hu\/new\/?p=3468"},"modified":"2023-03-13T15:36:05","modified_gmt":"2023-03-13T15:36:05","slug":"etkezes-befizetes-3","status":"publish","type":"post","link":"http:\/\/www.radnotiiskola.hu\/new\/2023\/03\/13\/etkezes-befizetes-3\/","title":{"rendered":"\u00c9tkez\u00e9s befizet\u00e9s"},"content":{"rendered":"\n<p style=\"text-align: center;\"><strong><em><u>Tisztelt Sz\u00fcl\u0151k!<\/u><\/em><\/strong><\/p>\n<p style=\"text-align: center;\"><strong>&nbsp;<\/strong><\/p>\n<ol start=\"2023\">\n<li><strong> \u00c1PRILIS h\u00f3napban <\/strong><span style=\"color: #ff0000;\"><strong>16<\/strong> <\/span><strong>napra LEHET A GYERMEKEKET BEFIZETNI.<\/strong><\/li>\n<\/ol>\n<p><strong>&nbsp;<\/strong><!--more--><\/p>\n<table  class=\" table table-hover\" >\n<tbody>\n<tr>\n<td style=\"text-align: center;\" width=\"283\">\n<p><strong>T\u00c9R\u00cdT\u00c9SI D\u00cdJ 1 NAPRA<\/strong><\/p>\n<\/td>\n<td style=\"text-align: center;\" width=\"248\">\n<p><strong>TELJES (100%) \u00c1R<\/strong><\/p>\n<\/td>\n<td style=\"text-align: center;\" width=\"224\">\n<p><strong>F\u00c9L (50%) \u00c1R<\/strong><\/p>\n<\/td>\n<\/tr>\n<tr>\n<td style=\"text-align: center;\" width=\"283\">\n<p><strong>3X \u00c9TKEZ\u00c9S ESET\u00c9N (t\u00edz\u00f3rai, eb\u00e9d, uzsonna)<\/strong><\/p>\n<\/td>\n<td style=\"text-align: center;\" width=\"248\">\n<p><strong>996 FT<\/strong><\/p>\n<\/td>\n<td style=\"text-align: center;\" width=\"224\">\n<p><strong>498 FT<\/strong><\/p>\n<\/td>\n<\/tr>\n<tr>\n<td style=\"text-align: center;\" width=\"283\">\n<p><strong>1X \u00c9TKEZ\u00c9S ESET\u00c9N (eb\u00e9d)<\/strong><\/p>\n<\/td>\n<td style=\"text-align: center;\" width=\"248\">\n<p><strong>620 FT<\/strong><\/p>\n<\/td>\n<td style=\"text-align: center;\" width=\"224\">\n<p><strong>310 FT<\/strong><\/p>\n<\/td>\n<\/tr>\n<\/tbody>\n<\/table>\n<p><strong>&nbsp;<\/strong><\/p>\n<p><span style=\"color: #ff0000;\"><strong><em>AZ \u00c9TKEZ\u00c9SI D\u00cdJ BEFIZET\u00c9S\u00c9NEK HAT\u00c1RIDEJE: 2023.03.20.<\/em><\/strong><\/span><\/p>\n<p><span style=\"color: #ff0000;\"><strong><em>&nbsp;<\/em><\/strong><\/span><strong><em>GAZDAS\u00c1GI M\u0170K\u00d6DTET\u0150 K\u00d6ZPONT GY\u0150R<br>banksz\u00e1mlasz\u00e1m: 11737007-15802736<\/em><\/strong><em><br><strong>k\u00f6zlem\u00e9ny rovatba: gyermek nev\u00e9nek, iskol\u00e1j\u00e1nak \u00e9s oszt\u00e1ly\u00e1nak megjel\u00f6l\u00e9s\u00e9t k\u00e9rj\u00fck<\/strong><\/em><\/p>\n<p><strong>\u00c9tkez\u00e9s befizet\u00e9ssel kapcsolatban \u00e9rdekl\u0151dhetnek a <\/strong><a href=\"mailto:stehenicsne.edina@gek.hu\"><strong>stehenicsne.edina@gek.hu<\/strong><\/a> <strong>email c\u00edmen \u00e9s a 20\/550-0431-es telefonsz\u00e1mon.<\/strong><\/p>\n<p>&nbsp;<\/p>\n","protected":false},"excerpt":{"rendered":"<p>Tisztelt Sz\u00fcl\u0151k! &nbsp; \u00c1PRILIS h\u00f3napban 16 napra LEHET A GYERMEKEKET BEFIZETNI. &nbsp;<\/p>\n","protected":false},"author":4,"featured_media":0,"comment_status":"closed","ping_status":"open","sticky":false,"template":"","format":"standard","meta":{"ngg_post_thumbnail":0,"footnotes":""},"categories":[50],"tags":[],"class_list":["post-3468","post","type-post","status-publish","format-standard","hentry","category-felhivasok-2023"],"_links":{"self":[{"href":"http:\/\/www.radnotiiskola.hu\/new\/wp-json\/wp\/v2\/posts\/3468","targetHints":{"allow":["GET"]}}],"collection":[{"href":"http:\/\/www.radnotiiskola.hu\/new\/wp-json\/wp\/v2\/posts"}],"about":[{"href":"http:\/\/www.radnotiiskola.hu\/new\/wp-json\/wp\/v2\/types\/post"}],"author":[{"embeddable":true,"href":"http:\/\/www.radnotiiskola.hu\/new\/wp-json\/wp\/v2\/users\/4"}],"replies":[{"embeddable":true,"href":"http:\/\/www.radnotiiskola.hu\/new\/wp-json\/wp\/v2\/comments?post=3468"}],"version-history":[{"count":0,"href":"http:\/\/www.radnotiiskola.hu\/new\/wp-json\/wp\/v2\/posts\/3468\/revisions"}],"wp:attachment":[{"href":"http:\/\/www.radnotiiskola.hu\/new\/wp-json\/wp\/v2\/media?parent=3468"}],"wp:term":[{"taxonomy":"category","embeddable":true,"href":"http:\/\/www.radnotiiskola.hu\/new\/wp-json\/wp\/v2\/categories?post=3468"},{"taxonomy":"post_tag","embeddable":true,"href":"http:\/\/www.radnotiiskola.hu\/new\/wp-json\/wp\/v2\/tags?post=3468"}],"curies":[{"name":"wp","href":"https:\/\/api.w.org\/{rel}","templated":true}]}}