{"id":3489,"date":"2023-03-29T08:24:26","date_gmt":"2023-03-29T08:24:26","guid":{"rendered":"http:\/\/www.radnotiiskola.hu\/new\/?p=3489"},"modified":"2023-03-29T08:34:39","modified_gmt":"2023-03-29T08:34:39","slug":"matematika-ora-a-matematika-vilagnapjan","status":"publish","type":"post","link":"http:\/\/www.radnotiiskola.hu\/new\/2023\/03\/29\/matematika-ora-a-matematika-vilagnapjan\/","title":{"rendered":"Matematika \u00f3ra a Matematika Vil\u00e1gnapj\u00e1n"},"content":{"rendered":"\n<p style=\"text-align: justify;\"><img loading=\"lazy\" decoding=\"async\" class=\"size-medium wp-image-3490 alignright\" src=\"http:\/\/www.radnotiiskola.hu\/new\/wp-content\/uploads\/2023\/03\/334911041_3092759924203843_4606570549464054523_n-300x225.jpg\" alt=\"\" width=\"300\" height=\"225\" srcset=\"http:\/\/www.radnotiiskola.hu\/new\/wp-content\/uploads\/2023\/03\/334911041_3092759924203843_4606570549464054523_n-300x225.jpg 300w, http:\/\/www.radnotiiskola.hu\/new\/wp-content\/uploads\/2023\/03\/334911041_3092759924203843_4606570549464054523_n-1024x768.jpg 1024w, http:\/\/www.radnotiiskola.hu\/new\/wp-content\/uploads\/2023\/03\/334911041_3092759924203843_4606570549464054523_n-768x576.jpg 768w, http:\/\/www.radnotiiskola.hu\/new\/wp-content\/uploads\/2023\/03\/334911041_3092759924203843_4606570549464054523_n-1536x1152.jpg 1536w, http:\/\/www.radnotiiskola.hu\/new\/wp-content\/uploads\/2023\/03\/334911041_3092759924203843_4606570549464054523_n.jpg 2048w\" sizes=\"auto, (max-width: 300px) 100vw, 300px\" \/>A 8. oszt\u00e1lyos tanul\u00f3ink a \u03c0 &#8211; Nemzetk\u00f6zi Napj\u00e1n kutat\u00f3munk\u00e1t v\u00e9geztek az interneten. Prezent\u00e1ci\u00f3kat k\u00e9sz\u00edtettek \u00e9s kisel\u0151ad\u00e1sokat tartottak a \u03c0 sz\u00e1mr\u00f3l. \u00d6sszegy\u0171jt\u00f6tt\u00e9k \u00e9s megosztott\u00e1k egym\u00e1ssal a \u03c0 -vel kapcsolatos \u00e9rdekess\u00e9geket. \u03c0 verseket olvastak, s maguk is megpr\u00f3b\u00e1lkoztak a \u03c0 versek \u00edr\u00e1s\u00e1val.<br><!--more--><\/p>\n<p>&nbsp;<\/p>\n<p style=\"text-align: justify;\">Megszerzett ismereteiket megosztott\u00e1k az iskola tanul\u00f3ival is.<\/p>\n<p><img loading=\"lazy\" decoding=\"async\" class=\"size-medium wp-image-3493 alignleft\" src=\"http:\/\/www.radnotiiskola.hu\/new\/wp-content\/uploads\/2023\/03\/334904410_231805962699804_6320834173147978623_n-225x300.jpg\" alt=\"\" width=\"225\" height=\"300\" srcset=\"http:\/\/www.radnotiiskola.hu\/new\/wp-content\/uploads\/2023\/03\/334904410_231805962699804_6320834173147978623_n-225x300.jpg 225w, http:\/\/www.radnotiiskola.hu\/new\/wp-content\/uploads\/2023\/03\/334904410_231805962699804_6320834173147978623_n-768x1024.jpg 768w, http:\/\/www.radnotiiskola.hu\/new\/wp-content\/uploads\/2023\/03\/334904410_231805962699804_6320834173147978623_n-1152x1536.jpg 1152w, http:\/\/www.radnotiiskola.hu\/new\/wp-content\/uploads\/2023\/03\/334904410_231805962699804_6320834173147978623_n.jpg 1536w\" sizes=\"auto, (max-width: 225px) 100vw, 225px\" \/> <img loading=\"lazy\" decoding=\"async\" class=\"size-medium wp-image-3492 alignright\" src=\"http:\/\/www.radnotiiskola.hu\/new\/wp-content\/uploads\/2023\/03\/334904644_896375908331923_3067163216819228762_n-225x300.jpg\" alt=\"\" width=\"225\" height=\"300\" srcset=\"http:\/\/www.radnotiiskola.hu\/new\/wp-content\/uploads\/2023\/03\/334904644_896375908331923_3067163216819228762_n-225x300.jpg 225w, http:\/\/www.radnotiiskola.hu\/new\/wp-content\/uploads\/2023\/03\/334904644_896375908331923_3067163216819228762_n-768x1024.jpg 768w, http:\/\/www.radnotiiskola.hu\/new\/wp-content\/uploads\/2023\/03\/334904644_896375908331923_3067163216819228762_n-1152x1536.jpg 1152w, http:\/\/www.radnotiiskola.hu\/new\/wp-content\/uploads\/2023\/03\/334904644_896375908331923_3067163216819228762_n.jpg 1536w\" sizes=\"auto, (max-width: 225px) 100vw, 225px\" \/><br><br><\/p>\n","protected":false},"excerpt":{"rendered":"<p>A 8. oszt\u00e1lyos tanul\u00f3ink a \u03c0 &#8211; Nemzetk\u00f6zi Napj\u00e1n kutat\u00f3munk\u00e1t v\u00e9geztek az interneten. Prezent\u00e1ci\u00f3kat k\u00e9sz\u00edtettek \u00e9s kisel\u0151ad\u00e1sokat tartottak a \u03c0 sz\u00e1mr\u00f3l. \u00d6sszegy\u0171jt\u00f6tt\u00e9k \u00e9s megosztott\u00e1k egym\u00e1ssal a \u03c0 -vel kapcsolatos \u00e9rdekess\u00e9geket. \u03c0 verseket olvastak, s maguk is megpr\u00f3b\u00e1lkoztak a \u03c0 versek \u00edr\u00e1s\u00e1val.<\/p>\n","protected":false},"author":4,"featured_media":0,"comment_status":"closed","ping_status":"open","sticky":false,"template":"","format":"standard","meta":{"ngg_post_thumbnail":0,"footnotes":""},"categories":[48],"tags":[],"class_list":["post-3489","post","type-post","status-publish","format-standard","hentry","category-esemenyek-2023"],"_links":{"self":[{"href":"http:\/\/www.radnotiiskola.hu\/new\/wp-json\/wp\/v2\/posts\/3489","targetHints":{"allow":["GET"]}}],"collection":[{"href":"http:\/\/www.radnotiiskola.hu\/new\/wp-json\/wp\/v2\/posts"}],"about":[{"href":"http:\/\/www.radnotiiskola.hu\/new\/wp-json\/wp\/v2\/types\/post"}],"author":[{"embeddable":true,"href":"http:\/\/www.radnotiiskola.hu\/new\/wp-json\/wp\/v2\/users\/4"}],"replies":[{"embeddable":true,"href":"http:\/\/www.radnotiiskola.hu\/new\/wp-json\/wp\/v2\/comments?post=3489"}],"version-history":[{"count":0,"href":"http:\/\/www.radnotiiskola.hu\/new\/wp-json\/wp\/v2\/posts\/3489\/revisions"}],"wp:attachment":[{"href":"http:\/\/www.radnotiiskola.hu\/new\/wp-json\/wp\/v2\/media?parent=3489"}],"wp:term":[{"taxonomy":"category","embeddable":true,"href":"http:\/\/www.radnotiiskola.hu\/new\/wp-json\/wp\/v2\/categories?post=3489"},{"taxonomy":"post_tag","embeddable":true,"href":"http:\/\/www.radnotiiskola.hu\/new\/wp-json\/wp\/v2\/tags?post=3489"}],"curies":[{"name":"wp","href":"https:\/\/api.w.org\/{rel}","templated":true}]}}