{"id":3537,"date":"2023-04-03T13:30:25","date_gmt":"2023-04-03T13:30:25","guid":{"rendered":"http:\/\/www.radnotiiskola.hu\/new\/?p=3537"},"modified":"2023-04-03T13:30:25","modified_gmt":"2023-04-03T13:30:25","slug":"lengyel-alfred-honismereti-verseny-2","status":"publish","type":"post","link":"http:\/\/www.radnotiiskola.hu\/new\/2023\/04\/03\/lengyel-alfred-honismereti-verseny-2\/","title":{"rendered":"Lengyel Alfr\u00e9d Honismereti verseny"},"content":{"rendered":"\n<p>Int\u00e9zm\u00e9ny\u00fcnk hatodik oszt\u00e1ly\u00e1b\u00f3l 4 tanul\u00f3 jelentkezett a Kisfaludy K\u00e1roly K\u00f6nyvt\u00e1r \u00e1ltal meghirdetett prezent\u00e1ci\u00f3 k\u00e9sz\u00edt\u0151 versenyre. A k\u00e9t csapat eredm\u00e9nyesen szerepelt \u00e9s k\u00f6nyvjutalomban is r\u00e9szes\u00fclt.&nbsp;<br>A p\u00e1lyamunk\u00e1k <a href=\"https:\/\/drive.google.com\/drive\/folders\/1D8OHKNp2z5PzjRdjByC27qwoG3JYpl7u?usp=share_link\">itt<\/a> tekinthet\u0151k meg.&nbsp;<\/p>\n<p><!--more--><\/p>\n<p><img loading=\"lazy\" decoding=\"async\" class=\"alignnone size-large wp-image-3538\" src=\"http:\/\/www.radnotiiskola.hu\/new\/wp-content\/uploads\/2023\/04\/336803581_1180678272647962_6334310676397315970_n-1024x768.jpg\" alt=\"\" width=\"648\" height=\"486\" srcset=\"http:\/\/www.radnotiiskola.hu\/new\/wp-content\/uploads\/2023\/04\/336803581_1180678272647962_6334310676397315970_n-1024x768.jpg 1024w, http:\/\/www.radnotiiskola.hu\/new\/wp-content\/uploads\/2023\/04\/336803581_1180678272647962_6334310676397315970_n-300x225.jpg 300w, http:\/\/www.radnotiiskola.hu\/new\/wp-content\/uploads\/2023\/04\/336803581_1180678272647962_6334310676397315970_n-768x576.jpg 768w, http:\/\/www.radnotiiskola.hu\/new\/wp-content\/uploads\/2023\/04\/336803581_1180678272647962_6334310676397315970_n-1536x1152.jpg 1536w, http:\/\/www.radnotiiskola.hu\/new\/wp-content\/uploads\/2023\/04\/336803581_1180678272647962_6334310676397315970_n.jpg 2048w\" sizes=\"auto, (max-width: 648px) 100vw, 648px\" \/><\/p>\n<p><img loading=\"lazy\" decoding=\"async\" class=\"size-medium wp-image-3539 aligncenter\" src=\"http:\/\/www.radnotiiskola.hu\/new\/wp-content\/uploads\/2023\/04\/338432866_889643968781150_7074736752555126842_n-300x225.jpg\" alt=\"\" width=\"300\" height=\"225\" srcset=\"http:\/\/www.radnotiiskola.hu\/new\/wp-content\/uploads\/2023\/04\/338432866_889643968781150_7074736752555126842_n-300x225.jpg 300w, http:\/\/www.radnotiiskola.hu\/new\/wp-content\/uploads\/2023\/04\/338432866_889643968781150_7074736752555126842_n-1024x768.jpg 1024w, http:\/\/www.radnotiiskola.hu\/new\/wp-content\/uploads\/2023\/04\/338432866_889643968781150_7074736752555126842_n-768x576.jpg 768w, http:\/\/www.radnotiiskola.hu\/new\/wp-content\/uploads\/2023\/04\/338432866_889643968781150_7074736752555126842_n-1536x1152.jpg 1536w, http:\/\/www.radnotiiskola.hu\/new\/wp-content\/uploads\/2023\/04\/338432866_889643968781150_7074736752555126842_n.jpg 2048w\" sizes=\"auto, (max-width: 300px) 100vw, 300px\" \/><\/p>\n<p style=\"text-align: center;\">\u0150ri Bogl\u00e1rka, Moln\u00e1r Anna Hajnalka<\/p>\n<p style=\"text-align: center;\"><img loading=\"lazy\" decoding=\"async\" class=\"alignnone size-medium wp-image-3540\" src=\"http:\/\/www.radnotiiskola.hu\/new\/wp-content\/uploads\/2023\/04\/338700357_1713665489090033_5208489717954598863_n-300x225.jpg\" alt=\"\" width=\"300\" height=\"225\" srcset=\"http:\/\/www.radnotiiskola.hu\/new\/wp-content\/uploads\/2023\/04\/338700357_1713665489090033_5208489717954598863_n-300x225.jpg 300w, http:\/\/www.radnotiiskola.hu\/new\/wp-content\/uploads\/2023\/04\/338700357_1713665489090033_5208489717954598863_n-1024x768.jpg 1024w, http:\/\/www.radnotiiskola.hu\/new\/wp-content\/uploads\/2023\/04\/338700357_1713665489090033_5208489717954598863_n-768x576.jpg 768w, http:\/\/www.radnotiiskola.hu\/new\/wp-content\/uploads\/2023\/04\/338700357_1713665489090033_5208489717954598863_n-1536x1152.jpg 1536w, http:\/\/www.radnotiiskola.hu\/new\/wp-content\/uploads\/2023\/04\/338700357_1713665489090033_5208489717954598863_n.jpg 2048w\" sizes=\"auto, (max-width: 300px) 100vw, 300px\" \/><\/p>\n<p style=\"text-align: center;\">Nagy No\u00e9mi \u00c9va, Hajba Zal\u00e1n Istv\u00e1n&nbsp;<\/p>\n<p>Gratul\u00e1lunk a di\u00e1kjainknak!&nbsp;<\/p>\n<p>Felk\u00e9sz\u00edt\u0151 tan\u00e1r:&nbsp;<br>Kov\u00e1csn\u00e9 Szab\u00f3 Judit&nbsp;<\/p>\n","protected":false},"excerpt":{"rendered":"<p>Int\u00e9zm\u00e9ny\u00fcnk hatodik oszt\u00e1ly\u00e1b\u00f3l 4 tanul\u00f3 jelentkezett a Kisfaludy K\u00e1roly K\u00f6nyvt\u00e1r \u00e1ltal meghirdetett prezent\u00e1ci\u00f3 k\u00e9sz\u00edt\u0151 versenyre. A k\u00e9t csapat eredm\u00e9nyesen szerepelt \u00e9s k\u00f6nyvjutalomban is r\u00e9szes\u00fclt.&nbsp;A p\u00e1lyamunk\u00e1k itt tekinthet\u0151k meg.&nbsp;<\/p>\n","protected":false},"author":4,"featured_media":0,"comment_status":"closed","ping_status":"open","sticky":false,"template":"","format":"standard","meta":{"ngg_post_thumbnail":0,"footnotes":""},"categories":[28],"tags":[],"class_list":["post-3537","post","type-post","status-publish","format-standard","hentry","category-esemenyek-2019"],"_links":{"self":[{"href":"http:\/\/www.radnotiiskola.hu\/new\/wp-json\/wp\/v2\/posts\/3537","targetHints":{"allow":["GET"]}}],"collection":[{"href":"http:\/\/www.radnotiiskola.hu\/new\/wp-json\/wp\/v2\/posts"}],"about":[{"href":"http:\/\/www.radnotiiskola.hu\/new\/wp-json\/wp\/v2\/types\/post"}],"author":[{"embeddable":true,"href":"http:\/\/www.radnotiiskola.hu\/new\/wp-json\/wp\/v2\/users\/4"}],"replies":[{"embeddable":true,"href":"http:\/\/www.radnotiiskola.hu\/new\/wp-json\/wp\/v2\/comments?post=3537"}],"version-history":[{"count":0,"href":"http:\/\/www.radnotiiskola.hu\/new\/wp-json\/wp\/v2\/posts\/3537\/revisions"}],"wp:attachment":[{"href":"http:\/\/www.radnotiiskola.hu\/new\/wp-json\/wp\/v2\/media?parent=3537"}],"wp:term":[{"taxonomy":"category","embeddable":true,"href":"http:\/\/www.radnotiiskola.hu\/new\/wp-json\/wp\/v2\/categories?post=3537"},{"taxonomy":"post_tag","embeddable":true,"href":"http:\/\/www.radnotiiskola.hu\/new\/wp-json\/wp\/v2\/tags?post=3537"}],"curies":[{"name":"wp","href":"https:\/\/api.w.org\/{rel}","templated":true}]}}