{"id":3560,"date":"2023-04-05T09:57:00","date_gmt":"2023-04-05T09:57:00","guid":{"rendered":"http:\/\/www.radnotiiskola.hu\/new\/?p=3560"},"modified":"2023-04-12T10:08:50","modified_gmt":"2023-04-12T10:08:50","slug":"locsolo-versmondo-verseny-es-tavaszi-versiro-palyazat","status":"publish","type":"post","link":"http:\/\/www.radnotiiskola.hu\/new\/2023\/04\/05\/locsolo-versmondo-verseny-es-tavaszi-versiro-palyazat\/","title":{"rendered":"Locsol\u00f3 versmond\u00f3 verseny \u00e9s Tavaszi vers\u00edr\u00f3 p\u00e1ly\u00e1zat"},"content":{"rendered":"\n<p style=\"text-align: justify;\"><img loading=\"lazy\" decoding=\"async\" class=\"size-medium wp-image-3562 alignright\" src=\"http:\/\/www.radnotiiskola.hu\/new\/wp-content\/uploads\/2023\/04\/locsolas-300x204.jpg\" alt=\"\" width=\"300\" height=\"204\" srcset=\"http:\/\/www.radnotiiskola.hu\/new\/wp-content\/uploads\/2023\/04\/locsolas-300x204.jpg 300w, http:\/\/www.radnotiiskola.hu\/new\/wp-content\/uploads\/2023\/04\/locsolas-1024x698.jpg 1024w, http:\/\/www.radnotiiskola.hu\/new\/wp-content\/uploads\/2023\/04\/locsolas-768x523.jpg 768w, http:\/\/www.radnotiiskola.hu\/new\/wp-content\/uploads\/2023\/04\/locsolas-1536x1046.jpg 1536w, http:\/\/www.radnotiiskola.hu\/new\/wp-content\/uploads\/2023\/04\/locsolas.jpg 1600w\" sizes=\"auto, (max-width: 300px) 100vw, 300px\" \/>Id\u00e9n, szak\u00edtva a hagyom\u00e1nyokkal a locsol\u00f3 versmond\u00f3 versenyt els\u0151sorban csak 1-2. oszt\u00e1lyosoknak hirdett\u00fck meg, m\u00edg a fels\u0151bb \u00e9vfolyamosok vers\u00edr\u00e1sban m\u00e9rhett\u00fck \u00f6ssze tud\u00e1sukat. A vers\u00edr\u00f3 p\u00e1ly\u00e1zat t\u00e9m\u00e1ja: tavasz, tavaszi term\u00e9szet, h\u00fasv\u00e9t, locsolkod\u00e1s, \u00e9s a szerelem. 12 p\u00e1lyam\u0171 \u00e9rkezett.<!--more--><\/p>\n<p style=\"text-align: justify;\">A fels\u0151 tagozatosok k\u00f6z\u00fcl Pratser Rajmund 8.a, Kelemeny Kincs\u0151 5.a \u00e9s Luk\u00e1csi Terka 7.a oszt\u00e1lyos tanul\u00f3 vers\u00e9t \u00edt\u00e9lt\u00fck legjobbnak. <br>Az als\u00f3 tagozatb\u00f3l Kov\u00e1cs Emma R\u00f3za, Grosik Emilia \u00e9s Horv\u00e1th D\u00e1vid 3.a oszt\u00e1lyos tanul\u00f3k k\u00f6ltem\u00e9nyei nyert\u00e9k el a zs\u0171ri tetsz\u00e9s\u00e9t. <br>A h\u00fasv\u00e9ti locsolkod\u00e1s hagyom\u00e1ny\u00e1t a legkisebbek eleven\u00edtett\u00e9k fel. Sz\u00e9p, r\u00edmes verssorokkal k\u00f6sz\u00f6nt\u00f6tt\u00e9k a l\u00e1nyokat.<br><br>A n\u00e9gy leg\u00fcgyesebb versmond\u00f3: <br>Moln\u00e1r Bence 3.a, Horv\u00e1th Rajmund 2.a, Kratky Iv\u00e1n 1.a \u00e9s F\u00fcry Oliv\u00e9r Attila 1.a oszt\u00e1lyos tanul\u00f3k voltak. A nyertes p\u00e1lyam\u0171vek \u00e9s a versenyr\u0151l k\u00e9sz\u00fclt fot\u00f3k<a href=\"https:\/\/drive.google.com\/drive\/folders\/1o2_wYJ0JLRqzrltW72aiQBPVO8bvTzrP?usp=share_link\"> itt<\/a> megtekinthet\u0151ek.<\/p>\n<div class=\"x1tlxs6b x1g8br2z x1gn5b1j x230xth x14ctfv x1okitfd x6ikm8r x10wlt62 x1mzt3pk x1y1aw1k xn6708d xwib8y2 x1ye3gou x1n2onr6 x13faqbe x1vjfegm\" style=\"text-align: justify;\" role=\"none\">\n<div class=\"x9f619 x1n2onr6 x1ja2u2z __fb-light-mode\" role=\"none\">\n<div class=\"x6prxxf x1fc57z9 x1yc453h x126k92a xzsf02u\" dir=\"auto\" role=\"none\"><img loading=\"lazy\" decoding=\"async\" class=\"size-medium wp-image-3561 alignright\" src=\"http:\/\/www.radnotiiskola.hu\/new\/wp-content\/uploads\/2023\/04\/339653750_1249094382658325_8643708397332116875_n-300x193.jpg\" alt=\"\" width=\"300\" height=\"193\" srcset=\"http:\/\/www.radnotiiskola.hu\/new\/wp-content\/uploads\/2023\/04\/339653750_1249094382658325_8643708397332116875_n-300x193.jpg 300w, http:\/\/www.radnotiiskola.hu\/new\/wp-content\/uploads\/2023\/04\/339653750_1249094382658325_8643708397332116875_n-1024x658.jpg 1024w, http:\/\/www.radnotiiskola.hu\/new\/wp-content\/uploads\/2023\/04\/339653750_1249094382658325_8643708397332116875_n-768x494.jpg 768w, http:\/\/www.radnotiiskola.hu\/new\/wp-content\/uploads\/2023\/04\/339653750_1249094382658325_8643708397332116875_n-1536x987.jpg 1536w, http:\/\/www.radnotiiskola.hu\/new\/wp-content\/uploads\/2023\/04\/339653750_1249094382658325_8643708397332116875_n.jpg 1699w\" sizes=\"auto, (max-width: 300px) 100vw, 300px\" \/>Skrylova Kamila 3.a oszt\u00e1lyos tanul\u00f3 eredm\u00e9nyesen szerepelt a Gy\u0151ri M\u00f3ricz Zsigmond \u00c1ltal\u00e1nos Iskola \u00e1ltal meghirdetett rajzp\u00e1ly\u00e1zaton. A p\u00e1ly\u00e1zat t\u00e9m\u00e1ja: Az \u00e9v madara- a bark\u00f3scinege. Kamila a saj\u00e1t koroszt\u00e1ly\u00e1ban k\u00fcl\u00f6nd\u00edjas lett.<\/div>\n<div class=\"x6prxxf x1fc57z9 x1yc453h x126k92a xzsf02u\" dir=\"auto\" role=\"none\">Ehhez a sz\u00e9p teljes\u00edtm\u00e9nyhez sz\u00edvb\u0151l gratul\u00e1lunk!<\/div>\n<\/div>\n<\/div>\n<div class=\"x1h91t0o xkh2ocl x78zum5 xdt5ytf x13a6bvl x193iq5w x1iyjqo2 xcrg951\" style=\"text-align: justify;\" role=\"none\">&nbsp;<\/div>\n","protected":false},"excerpt":{"rendered":"<p>Id\u00e9n, szak\u00edtva a hagyom\u00e1nyokkal a locsol\u00f3 versmond\u00f3 versenyt els\u0151sorban csak 1-2. oszt\u00e1lyosoknak hirdett\u00fck meg, m\u00edg a fels\u0151bb \u00e9vfolyamosok vers\u00edr\u00e1sban m\u00e9rhett\u00fck \u00f6ssze tud\u00e1sukat. A vers\u00edr\u00f3 p\u00e1ly\u00e1zat t\u00e9m\u00e1ja: tavasz, tavaszi term\u00e9szet, h\u00fasv\u00e9t, locsolkod\u00e1s, \u00e9s a szerelem. 12 p\u00e1lyam\u0171 \u00e9rkezett.<\/p>\n","protected":false},"author":4,"featured_media":0,"comment_status":"closed","ping_status":"open","sticky":false,"template":"","format":"standard","meta":{"ngg_post_thumbnail":0,"footnotes":""},"categories":[48],"tags":[],"class_list":["post-3560","post","type-post","status-publish","format-standard","hentry","category-esemenyek-2023"],"_links":{"self":[{"href":"http:\/\/www.radnotiiskola.hu\/new\/wp-json\/wp\/v2\/posts\/3560","targetHints":{"allow":["GET"]}}],"collection":[{"href":"http:\/\/www.radnotiiskola.hu\/new\/wp-json\/wp\/v2\/posts"}],"about":[{"href":"http:\/\/www.radnotiiskola.hu\/new\/wp-json\/wp\/v2\/types\/post"}],"author":[{"embeddable":true,"href":"http:\/\/www.radnotiiskola.hu\/new\/wp-json\/wp\/v2\/users\/4"}],"replies":[{"embeddable":true,"href":"http:\/\/www.radnotiiskola.hu\/new\/wp-json\/wp\/v2\/comments?post=3560"}],"version-history":[{"count":0,"href":"http:\/\/www.radnotiiskola.hu\/new\/wp-json\/wp\/v2\/posts\/3560\/revisions"}],"wp:attachment":[{"href":"http:\/\/www.radnotiiskola.hu\/new\/wp-json\/wp\/v2\/media?parent=3560"}],"wp:term":[{"taxonomy":"category","embeddable":true,"href":"http:\/\/www.radnotiiskola.hu\/new\/wp-json\/wp\/v2\/categories?post=3560"},{"taxonomy":"post_tag","embeddable":true,"href":"http:\/\/www.radnotiiskola.hu\/new\/wp-json\/wp\/v2\/tags?post=3560"}],"curies":[{"name":"wp","href":"https:\/\/api.w.org\/{rel}","templated":true}]}}