{"id":3573,"date":"2023-04-17T17:44:12","date_gmt":"2023-04-17T17:44:12","guid":{"rendered":"http:\/\/www.radnotiiskola.hu\/new\/?p=3573"},"modified":"2023-04-17T17:44:13","modified_gmt":"2023-04-17T17:44:13","slug":"120-evfordulo","status":"publish","type":"post","link":"http:\/\/www.radnotiiskola.hu\/new\/2023\/04\/17\/120-evfordulo\/","title":{"rendered":"120. \u00e9vfordul\u00f3"},"content":{"rendered":"\n<h3><em><img loading=\"lazy\" decoding=\"async\" class=\" wp-image-3574 alignright\" src=\"http:\/\/www.radnotiiskola.hu\/new\/wp-content\/uploads\/2023\/04\/1680603955394-295x300.jpg\" alt=\"\" width=\"253\" height=\"257\" srcset=\"http:\/\/www.radnotiiskola.hu\/new\/wp-content\/uploads\/2023\/04\/1680603955394-295x300.jpg 295w, http:\/\/www.radnotiiskola.hu\/new\/wp-content\/uploads\/2023\/04\/1680603955394-60x60.jpg 60w, http:\/\/www.radnotiiskola.hu\/new\/wp-content\/uploads\/2023\/04\/1680603955394.jpg 643w\" sizes=\"auto, (max-width: 253px) 100vw, 253px\" \/>\u201eM\u00fal\u00f3 sz\u00e9p eml\u00e9k, kezemben tartom m\u00e9g,<\/em><br><em>Hiszed vagy sem<\/em><br><em>Nem adn\u00e1m semmi\u00e9rt\u2026\u201d<\/em><br><em>(Unique)<\/em><\/h3>\n<p>&nbsp;<\/p>\n<p><!--more--><\/p>\n<p>Kedves \u2013volt \u00e9s mai-Radn\u00f3tisok!<br>Koll\u00e9g\u00e1k \u00e9s Di\u00e1kok!<\/p>\n<p>2023.m\u00e1jus 5-\u00e9n 10.00 \u00f3rakor \u00fcnnepelj\u00fck a Gy\u0151ri Radn\u00f3ti Mikl\u00f3s \u00c1ltal\u00e1nos Iskola alap\u00edt\u00e1s\u00e1nak 120.\u00e9vfordul\u00f3j\u00e1t az iskola tornaterm\u00e9ben.<br>Az \u00fcnneps\u00e9gen korl\u00e1tozott sz\u00e1mban lehet\u0151s\u00e9get teremt\u00fcnk az \u00e9rdekl\u0151d\u0151k r\u00e9szv\u00e9tel\u00e9re.<br>Jubileumi rendezv\u00e9ny\u00fcnk\u00f6n val\u00f3 r\u00e9szv\u00e9tel csak<a href=\"https:\/\/forms.gle\/o3GMaojtQpU6v7qc6\"> regisztr\u00e1ci\u00f3<\/a> eset\u00e9n lehets\u00e9ges.<\/p>\n","protected":false},"excerpt":{"rendered":"<p>\u201eM\u00fal\u00f3 sz\u00e9p eml\u00e9k, kezemben tartom m\u00e9g,Hiszed vagy semNem adn\u00e1m semmi\u00e9rt\u2026\u201d(Unique) &nbsp;<\/p>\n","protected":false},"author":4,"featured_media":0,"comment_status":"closed","ping_status":"open","sticky":false,"template":"","format":"standard","meta":{"ngg_post_thumbnail":0,"footnotes":""},"categories":[48],"tags":[],"class_list":["post-3573","post","type-post","status-publish","format-standard","hentry","category-esemenyek-2023"],"_links":{"self":[{"href":"http:\/\/www.radnotiiskola.hu\/new\/wp-json\/wp\/v2\/posts\/3573","targetHints":{"allow":["GET"]}}],"collection":[{"href":"http:\/\/www.radnotiiskola.hu\/new\/wp-json\/wp\/v2\/posts"}],"about":[{"href":"http:\/\/www.radnotiiskola.hu\/new\/wp-json\/wp\/v2\/types\/post"}],"author":[{"embeddable":true,"href":"http:\/\/www.radnotiiskola.hu\/new\/wp-json\/wp\/v2\/users\/4"}],"replies":[{"embeddable":true,"href":"http:\/\/www.radnotiiskola.hu\/new\/wp-json\/wp\/v2\/comments?post=3573"}],"version-history":[{"count":0,"href":"http:\/\/www.radnotiiskola.hu\/new\/wp-json\/wp\/v2\/posts\/3573\/revisions"}],"wp:attachment":[{"href":"http:\/\/www.radnotiiskola.hu\/new\/wp-json\/wp\/v2\/media?parent=3573"}],"wp:term":[{"taxonomy":"category","embeddable":true,"href":"http:\/\/www.radnotiiskola.hu\/new\/wp-json\/wp\/v2\/categories?post=3573"},{"taxonomy":"post_tag","embeddable":true,"href":"http:\/\/www.radnotiiskola.hu\/new\/wp-json\/wp\/v2\/tags?post=3573"}],"curies":[{"name":"wp","href":"https:\/\/api.w.org\/{rel}","templated":true}]}}