{"id":3613,"date":"2023-04-23T17:10:00","date_gmt":"2023-04-23T17:10:00","guid":{"rendered":"http:\/\/www.radnotiiskola.hu\/new\/?p=3613"},"modified":"2023-05-08T17:18:53","modified_gmt":"2023-05-08T17:18:53","slug":"erdei-iskola-2","status":"publish","type":"post","link":"http:\/\/www.radnotiiskola.hu\/new\/2023\/04\/23\/erdei-iskola-2\/","title":{"rendered":"Erdei iskola"},"content":{"rendered":"\n<p style=\"text-align: justify;\">\u00c1prilis 20-\u00e1n Pannonhalm\u00e1n j\u00e1rtunk az 5.a oszt\u00e1lyos tanul\u00f3kkal.<br>Az erdei iskola programja: Gy\u00f3gyn\u00f6v\u00e9nykerti l\u00e1togat\u00e1s illatm\u00fazeummal egybek\u00f6tve.<!--more--><img loading=\"lazy\" decoding=\"async\" class=\"alignnone size-full wp-image-3614\" src=\"http:\/\/www.radnotiiskola.hu\/new\/wp-content\/uploads\/2023\/05\/image4.jpeg\" alt=\"\" width=\"640\" height=\"480\" srcset=\"http:\/\/www.radnotiiskola.hu\/new\/wp-content\/uploads\/2023\/05\/image4.jpeg 640w, http:\/\/www.radnotiiskola.hu\/new\/wp-content\/uploads\/2023\/05\/image4-300x225.jpeg 300w\" sizes=\"auto, (max-width: 640px) 100vw, 640px\" \/><br>Tartalmas napunk volt az arbor\u00e9tumban, sokat j\u00e1tszottunk a szabadban, megn\u00e9zt\u00fck a tan\u00f6sv\u00e9nyt, a kil\u00e1t\u00f3t \u00e9s megismerkedt\u00fcnk sok, hasznos gy\u00f3gyn\u00f6v\u00e9nnyel, amelyeket a gyerekek megfogtak, megszagoltak.<\/p>\n<p><img loading=\"lazy\" decoding=\"async\" class=\"alignnone wp-image-3615 size-full\" src=\"http:\/\/www.radnotiiskola.hu\/new\/wp-content\/uploads\/2023\/05\/image3.jpeg\" alt=\"\" width=\"640\" height=\"480\" srcset=\"http:\/\/www.radnotiiskola.hu\/new\/wp-content\/uploads\/2023\/05\/image3.jpeg 640w, http:\/\/www.radnotiiskola.hu\/new\/wp-content\/uploads\/2023\/05\/image3-300x225.jpeg 300w\" sizes=\"auto, (max-width: 640px) 100vw, 640px\" \/> <img loading=\"lazy\" decoding=\"async\" class=\"alignnone wp-image-3616 size-full\" src=\"http:\/\/www.radnotiiskola.hu\/new\/wp-content\/uploads\/2023\/05\/image2.jpeg\" alt=\"\" width=\"640\" height=\"480\" srcset=\"http:\/\/www.radnotiiskola.hu\/new\/wp-content\/uploads\/2023\/05\/image2.jpeg 640w, http:\/\/www.radnotiiskola.hu\/new\/wp-content\/uploads\/2023\/05\/image2-300x225.jpeg 300w\" sizes=\"auto, (max-width: 640px) 100vw, 640px\" \/><\/p>\n<p style=\"text-align: justify;\">K\u00eds\u00e9r\u0151k: <br>Oszt\u00e1lyf\u0151n\u00f6k Harcs\u00e1n\u00e9 Auerbach Petra<br>Nagy Erzs\u00e9bet Lizi n\u00e9ni ped. asszisztens<\/p>\n","protected":false},"excerpt":{"rendered":"<p>\u00c1prilis 20-\u00e1n Pannonhalm\u00e1n j\u00e1rtunk az 5.a oszt\u00e1lyos tanul\u00f3kkal.Az erdei iskola programja: Gy\u00f3gyn\u00f6v\u00e9nykerti l\u00e1togat\u00e1s illatm\u00fazeummal egybek\u00f6tve.<\/p>\n","protected":false},"author":4,"featured_media":0,"comment_status":"closed","ping_status":"open","sticky":false,"template":"","format":"standard","meta":{"ngg_post_thumbnail":0,"footnotes":""},"categories":[28],"tags":[],"class_list":["post-3613","post","type-post","status-publish","format-standard","hentry","category-esemenyek-2019"],"_links":{"self":[{"href":"http:\/\/www.radnotiiskola.hu\/new\/wp-json\/wp\/v2\/posts\/3613","targetHints":{"allow":["GET"]}}],"collection":[{"href":"http:\/\/www.radnotiiskola.hu\/new\/wp-json\/wp\/v2\/posts"}],"about":[{"href":"http:\/\/www.radnotiiskola.hu\/new\/wp-json\/wp\/v2\/types\/post"}],"author":[{"embeddable":true,"href":"http:\/\/www.radnotiiskola.hu\/new\/wp-json\/wp\/v2\/users\/4"}],"replies":[{"embeddable":true,"href":"http:\/\/www.radnotiiskola.hu\/new\/wp-json\/wp\/v2\/comments?post=3613"}],"version-history":[{"count":0,"href":"http:\/\/www.radnotiiskola.hu\/new\/wp-json\/wp\/v2\/posts\/3613\/revisions"}],"wp:attachment":[{"href":"http:\/\/www.radnotiiskola.hu\/new\/wp-json\/wp\/v2\/media?parent=3613"}],"wp:term":[{"taxonomy":"category","embeddable":true,"href":"http:\/\/www.radnotiiskola.hu\/new\/wp-json\/wp\/v2\/categories?post=3613"},{"taxonomy":"post_tag","embeddable":true,"href":"http:\/\/www.radnotiiskola.hu\/new\/wp-json\/wp\/v2\/tags?post=3613"}],"curies":[{"name":"wp","href":"https:\/\/api.w.org\/{rel}","templated":true}]}}