{"id":3629,"date":"2023-05-22T06:51:04","date_gmt":"2023-05-22T06:51:04","guid":{"rendered":"http:\/\/www.radnotiiskola.hu\/new\/?p=3629"},"modified":"2023-05-22T06:51:05","modified_gmt":"2023-05-22T06:51:05","slug":"nyari-szunidei-etkezes","status":"publish","type":"post","link":"http:\/\/www.radnotiiskola.hu\/new\/2023\/05\/22\/nyari-szunidei-etkezes\/","title":{"rendered":"Ny\u00e1ri sz\u00fcnidei \u00e9tkez\u00e9s"},"content":{"rendered":"\n<p>Tisztelt Sz\u00fcl\u0151k!&nbsp;<\/p>\n<p><a href=\"https:\/\/drive.google.com\/drive\/folders\/1i4MmMF8Xh5yJTJIyMfLf6Qglx2BikgZA?usp=share_link\">IDE<\/a> kattintva fontos dokumentumokat tal\u00e1lhatnak a ny\u00e1ri \u00e9tkeztet\u00e9ssel kapcsolatban!<\/p>\n","protected":false},"excerpt":{"rendered":"<p>Tisztelt Sz\u00fcl\u0151k!&nbsp; IDE kattintva fontos dokumentumokat tal\u00e1lhatnak a ny\u00e1ri \u00e9tkeztet\u00e9ssel kapcsolatban!<\/p>\n","protected":false},"author":4,"featured_media":0,"comment_status":"closed","ping_status":"open","sticky":false,"template":"","format":"standard","meta":{"ngg_post_thumbnail":0,"footnotes":""},"categories":[28],"tags":[],"class_list":["post-3629","post","type-post","status-publish","format-standard","hentry","category-esemenyek-2019"],"_links":{"self":[{"href":"http:\/\/www.radnotiiskola.hu\/new\/wp-json\/wp\/v2\/posts\/3629","targetHints":{"allow":["GET"]}}],"collection":[{"href":"http:\/\/www.radnotiiskola.hu\/new\/wp-json\/wp\/v2\/posts"}],"about":[{"href":"http:\/\/www.radnotiiskola.hu\/new\/wp-json\/wp\/v2\/types\/post"}],"author":[{"embeddable":true,"href":"http:\/\/www.radnotiiskola.hu\/new\/wp-json\/wp\/v2\/users\/4"}],"replies":[{"embeddable":true,"href":"http:\/\/www.radnotiiskola.hu\/new\/wp-json\/wp\/v2\/comments?post=3629"}],"version-history":[{"count":0,"href":"http:\/\/www.radnotiiskola.hu\/new\/wp-json\/wp\/v2\/posts\/3629\/revisions"}],"wp:attachment":[{"href":"http:\/\/www.radnotiiskola.hu\/new\/wp-json\/wp\/v2\/media?parent=3629"}],"wp:term":[{"taxonomy":"category","embeddable":true,"href":"http:\/\/www.radnotiiskola.hu\/new\/wp-json\/wp\/v2\/categories?post=3629"},{"taxonomy":"post_tag","embeddable":true,"href":"http:\/\/www.radnotiiskola.hu\/new\/wp-json\/wp\/v2\/tags?post=3629"}],"curies":[{"name":"wp","href":"https:\/\/api.w.org\/{rel}","templated":true}]}}