{"id":3646,"date":"2023-06-12T11:13:48","date_gmt":"2023-06-12T11:13:48","guid":{"rendered":"http:\/\/www.radnotiiskola.hu\/new\/?p=3646"},"modified":"2023-06-12T11:17:12","modified_gmt":"2023-06-12T11:17:12","slug":"esemenyeink","status":"publish","type":"post","link":"http:\/\/www.radnotiiskola.hu\/new\/2023\/06\/12\/esemenyeink\/","title":{"rendered":"Esem\u00e9nyeink"},"content":{"rendered":"\n<p><img loading=\"lazy\" decoding=\"async\" class=\" wp-image-871 alignright\" src=\"http:\/\/www.radnotiiskola.hu\/new\/wp-content\/uploads\/2018\/11\/vakacio_wm.jpg\" alt=\"\" width=\"237\" height=\"232\" srcset=\"http:\/\/www.radnotiiskola.hu\/new\/wp-content\/uploads\/2018\/11\/vakacio_wm.jpg 434w, http:\/\/www.radnotiiskola.hu\/new\/wp-content\/uploads\/2018\/11\/vakacio_wm-300x293.jpg 300w, http:\/\/www.radnotiiskola.hu\/new\/wp-content\/uploads\/2018\/11\/vakacio_wm-60x60.jpg 60w\" sizes=\"auto, (max-width: 237px) 100vw, 237px\" \/>A k\u00f6vetkez\u0151kben az \u00e9v v\u00e9gi esem\u00e9nyek id\u0151pontjait olvashatj\u00e1k:&nbsp;<\/p>\n<ul>\n<li>J\u00fanius 16. Utols\u00f3 tan\u00edt\u00e1si nap<\/li>\n<li>J\u00fanius 16. Ballag\u00e1s 17:00<\/li>\n<li>J\u00fanius 21. Tan\u00e9vz\u00e1r\u00f3 17:00&nbsp;<\/li>\n<\/ul>\n","protected":false},"excerpt":{"rendered":"<p>A k\u00f6vetkez\u0151kben az \u00e9v v\u00e9gi esem\u00e9nyek id\u0151pontjait olvashatj\u00e1k:&nbsp; J\u00fanius 16. Utols\u00f3 tan\u00edt\u00e1si nap J\u00fanius 16. Ballag\u00e1s 17:00 J\u00fanius 21. Tan\u00e9vz\u00e1r\u00f3 17:00&nbsp;<\/p>\n","protected":false},"author":4,"featured_media":0,"comment_status":"closed","ping_status":"open","sticky":false,"template":"","format":"standard","meta":{"ngg_post_thumbnail":0,"footnotes":""},"categories":[48],"tags":[],"class_list":["post-3646","post","type-post","status-publish","format-standard","hentry","category-esemenyek-2023"],"_links":{"self":[{"href":"http:\/\/www.radnotiiskola.hu\/new\/wp-json\/wp\/v2\/posts\/3646","targetHints":{"allow":["GET"]}}],"collection":[{"href":"http:\/\/www.radnotiiskola.hu\/new\/wp-json\/wp\/v2\/posts"}],"about":[{"href":"http:\/\/www.radnotiiskola.hu\/new\/wp-json\/wp\/v2\/types\/post"}],"author":[{"embeddable":true,"href":"http:\/\/www.radnotiiskola.hu\/new\/wp-json\/wp\/v2\/users\/4"}],"replies":[{"embeddable":true,"href":"http:\/\/www.radnotiiskola.hu\/new\/wp-json\/wp\/v2\/comments?post=3646"}],"version-history":[{"count":0,"href":"http:\/\/www.radnotiiskola.hu\/new\/wp-json\/wp\/v2\/posts\/3646\/revisions"}],"wp:attachment":[{"href":"http:\/\/www.radnotiiskola.hu\/new\/wp-json\/wp\/v2\/media?parent=3646"}],"wp:term":[{"taxonomy":"category","embeddable":true,"href":"http:\/\/www.radnotiiskola.hu\/new\/wp-json\/wp\/v2\/categories?post=3646"},{"taxonomy":"post_tag","embeddable":true,"href":"http:\/\/www.radnotiiskola.hu\/new\/wp-json\/wp\/v2\/tags?post=3646"}],"curies":[{"name":"wp","href":"https:\/\/api.w.org\/{rel}","templated":true}]}}