{"id":3663,"date":"2023-06-21T05:41:00","date_gmt":"2023-06-21T05:41:00","guid":{"rendered":"http:\/\/www.radnotiiskola.hu\/new\/?p=3663"},"modified":"2023-06-26T09:51:45","modified_gmt":"2023-06-26T09:51:45","slug":"bankett-es-ballagas","status":"publish","type":"post","link":"http:\/\/www.radnotiiskola.hu\/new\/2023\/06\/21\/bankett-es-ballagas\/","title":{"rendered":"Bankett \u00e9s Ballag\u00e1s"},"content":{"rendered":"\n<p><em>&#8222;Emberpal\u00e1nt\u00e1k vagytok. M\u00e1r nem gyerekek, de m\u00e9g nem is feln\u0151ttek. Nektek c\u00e9lotok van. \u00c9s feladataitok. A c\u00e9lotok ugyanaz, mint minden m\u00e1s embernek a f\u00f6ld\u00f6n: hogy boldogok legyetek. \u00c9s ez legyen az els\u0151dleges! Hogy otthont tal\u00e1ljatok a vil\u00e1gban.&#8221;<\/em><\/p>\n<p style=\"text-align: right;\">&#8211; Szab\u00f3 Tibor Benjamin<\/p>\n<p><!--more--><\/p>\n<p>Elb\u00facs\u00faztattuk nyolcadik oszt\u00e1lyos tanul\u00f3inkat. A di\u00e1kok ig\u00e9nyes, csodasz\u00e9p m\u0171sorral, k\u00f6nnyekkel \u00e9s mosollyal b\u00facs\u00faztak tan\u00e1raikt\u00f3l \u00e9s oszt\u00e1lyf\u0151n\u00f6k\u00fckt\u0151l.&nbsp;<\/p>\n<p>A bankett k\u00e9pei <a href=\"https:\/\/drive.google.com\/drive\/folders\/1jhAmhrATfiGdDUoRsBmTNeMgqmPP68k5?usp=drive_link\">ITT<\/a> megtekinthet\u0151ek.&nbsp;<\/p>\n<p>A ballag\u00e1s k\u00e9pei <a href=\"https:\/\/drive.google.com\/drive\/folders\/1jCE-7rSlpBt767ObDBxy4iq9yLFW0IWu?usp=drive_link\">ITT<\/a> megtekinthet\u0151ek.&nbsp;<\/p>\n<p>&nbsp;<\/p>\n","protected":false},"excerpt":{"rendered":"<p>&#8222;Emberpal\u00e1nt\u00e1k vagytok. M\u00e1r nem gyerekek, de m\u00e9g nem is feln\u0151ttek. Nektek c\u00e9lotok van. \u00c9s feladataitok. A c\u00e9lotok ugyanaz, mint minden m\u00e1s embernek a f\u00f6ld\u00f6n: hogy boldogok legyetek. \u00c9s ez legyen az els\u0151dleges! Hogy otthont tal\u00e1ljatok a vil\u00e1gban.&#8221; &#8211; Szab\u00f3 Tibor Benjamin<\/p>\n","protected":false},"author":4,"featured_media":0,"comment_status":"closed","ping_status":"open","sticky":false,"template":"","format":"standard","meta":{"ngg_post_thumbnail":0,"footnotes":""},"categories":[28,48],"tags":[],"class_list":["post-3663","post","type-post","status-publish","format-standard","hentry","category-esemenyek-2019","category-esemenyek-2023"],"_links":{"self":[{"href":"http:\/\/www.radnotiiskola.hu\/new\/wp-json\/wp\/v2\/posts\/3663","targetHints":{"allow":["GET"]}}],"collection":[{"href":"http:\/\/www.radnotiiskola.hu\/new\/wp-json\/wp\/v2\/posts"}],"about":[{"href":"http:\/\/www.radnotiiskola.hu\/new\/wp-json\/wp\/v2\/types\/post"}],"author":[{"embeddable":true,"href":"http:\/\/www.radnotiiskola.hu\/new\/wp-json\/wp\/v2\/users\/4"}],"replies":[{"embeddable":true,"href":"http:\/\/www.radnotiiskola.hu\/new\/wp-json\/wp\/v2\/comments?post=3663"}],"version-history":[{"count":0,"href":"http:\/\/www.radnotiiskola.hu\/new\/wp-json\/wp\/v2\/posts\/3663\/revisions"}],"wp:attachment":[{"href":"http:\/\/www.radnotiiskola.hu\/new\/wp-json\/wp\/v2\/media?parent=3663"}],"wp:term":[{"taxonomy":"category","embeddable":true,"href":"http:\/\/www.radnotiiskola.hu\/new\/wp-json\/wp\/v2\/categories?post=3663"},{"taxonomy":"post_tag","embeddable":true,"href":"http:\/\/www.radnotiiskola.hu\/new\/wp-json\/wp\/v2\/tags?post=3663"}],"curies":[{"name":"wp","href":"https:\/\/api.w.org\/{rel}","templated":true}]}}