{"id":3665,"date":"2023-06-22T09:42:00","date_gmt":"2023-06-22T09:42:00","guid":{"rendered":"http:\/\/www.radnotiiskola.hu\/new\/?p=3665"},"modified":"2023-06-26T09:49:13","modified_gmt":"2023-06-26T09:49:13","slug":"tanevzaro-2023","status":"publish","type":"post","link":"http:\/\/www.radnotiiskola.hu\/new\/2023\/06\/22\/tanevzaro-2023\/","title":{"rendered":"Tan\u00e9vz\u00e1r\u00f3 2023"},"content":{"rendered":"\n<p><em>&#8222;<img loading=\"lazy\" decoding=\"async\" class=\"size-full wp-image-3666 alignright\" src=\"http:\/\/www.radnotiiskola.hu\/new\/wp-content\/uploads\/2023\/06\/images.jpg\" alt=\"\" width=\"275\" height=\"183\">Szabads\u00e1gon leszek v\u00e9gre,<\/em><br><em>holnapt\u00f3l m\u00e1r nem j\u00f6v\u00f6k.<\/em><br><em>Nem kelteget anya reggel<\/em><br><em>\u00e9s az \u00f3ra sem cs\u00f6r\u00f6g.<\/em><\/p>\n<p><em>Nem mondj\u00e1k, hogy; reggelizz m\u00e1r,<\/em><br><em>\u00f6lt\u00f6zz, fut\u00e1s, moss fogat!<\/em><br><em>Nem sz\u00f3l senki; el ne k\u00e9ss\u00fcnk!<\/em><br><em>Nem siettet, noszogat.&#8221;<\/em><\/p>\n<p style=\"text-align: right;\">-Mentovics \u00c9va<!--more--><\/p>\n<p style=\"text-align: left;\">A tan\u00e9vz\u00e1r\u00f3 m\u0171sorunk \u00e9s a f\u00e9nyk\u00e9pek <a href=\"https:\/\/drive.google.com\/drive\/folders\/1bmSkCqOMXp-4wk9Kmn6TkL1ElH5cgX00?usp=sharing\">IDE<\/a> kattintva megtekinthet\u0151ek.&nbsp;&nbsp;<\/p>\n","protected":false},"excerpt":{"rendered":"<p>&#8222;Szabads\u00e1gon leszek v\u00e9gre,holnapt\u00f3l m\u00e1r nem j\u00f6v\u00f6k.Nem kelteget anya reggel\u00e9s az \u00f3ra sem cs\u00f6r\u00f6g. Nem mondj\u00e1k, hogy; reggelizz m\u00e1r,\u00f6lt\u00f6zz, fut\u00e1s, moss fogat!Nem sz\u00f3l senki; el ne k\u00e9ss\u00fcnk!Nem siettet, noszogat.&#8221; -Mentovics \u00c9va<\/p>\n","protected":false},"author":4,"featured_media":0,"comment_status":"closed","ping_status":"open","sticky":false,"template":"","format":"standard","meta":{"ngg_post_thumbnail":0,"footnotes":""},"categories":[48],"tags":[],"class_list":["post-3665","post","type-post","status-publish","format-standard","hentry","category-esemenyek-2023"],"_links":{"self":[{"href":"http:\/\/www.radnotiiskola.hu\/new\/wp-json\/wp\/v2\/posts\/3665","targetHints":{"allow":["GET"]}}],"collection":[{"href":"http:\/\/www.radnotiiskola.hu\/new\/wp-json\/wp\/v2\/posts"}],"about":[{"href":"http:\/\/www.radnotiiskola.hu\/new\/wp-json\/wp\/v2\/types\/post"}],"author":[{"embeddable":true,"href":"http:\/\/www.radnotiiskola.hu\/new\/wp-json\/wp\/v2\/users\/4"}],"replies":[{"embeddable":true,"href":"http:\/\/www.radnotiiskola.hu\/new\/wp-json\/wp\/v2\/comments?post=3665"}],"version-history":[{"count":0,"href":"http:\/\/www.radnotiiskola.hu\/new\/wp-json\/wp\/v2\/posts\/3665\/revisions"}],"wp:attachment":[{"href":"http:\/\/www.radnotiiskola.hu\/new\/wp-json\/wp\/v2\/media?parent=3665"}],"wp:term":[{"taxonomy":"category","embeddable":true,"href":"http:\/\/www.radnotiiskola.hu\/new\/wp-json\/wp\/v2\/categories?post=3665"},{"taxonomy":"post_tag","embeddable":true,"href":"http:\/\/www.radnotiiskola.hu\/new\/wp-json\/wp\/v2\/tags?post=3665"}],"curies":[{"name":"wp","href":"https:\/\/api.w.org\/{rel}","templated":true}]}}