{"id":3682,"date":"2023-07-09T08:33:00","date_gmt":"2023-07-09T08:33:00","guid":{"rendered":"http:\/\/www.radnotiiskola.hu\/new\/?p=3682"},"modified":"2023-08-22T09:37:39","modified_gmt":"2023-08-22T09:37:39","slug":"nyelvi-tabor-2023","status":"publish","type":"post","link":"http:\/\/www.radnotiiskola.hu\/new\/2023\/07\/09\/nyelvi-tabor-2023\/","title":{"rendered":"Nyelvi t\u00e1bor 2023."},"content":{"rendered":"\n<p style=\"text-align: justify;\"><img loading=\"lazy\" decoding=\"async\" class=\"size-medium wp-image-3683 alignright\" src=\"http:\/\/www.radnotiiskola.hu\/new\/wp-content\/uploads\/2023\/08\/360136115_239309598967001_2415301480291663928_n-300x225.jpg\" alt=\"\" width=\"300\" height=\"225\" srcset=\"http:\/\/www.radnotiiskola.hu\/new\/wp-content\/uploads\/2023\/08\/360136115_239309598967001_2415301480291663928_n-300x225.jpg 300w, http:\/\/www.radnotiiskola.hu\/new\/wp-content\/uploads\/2023\/08\/360136115_239309598967001_2415301480291663928_n-1024x768.jpg 1024w, http:\/\/www.radnotiiskola.hu\/new\/wp-content\/uploads\/2023\/08\/360136115_239309598967001_2415301480291663928_n-768x576.jpg 768w, http:\/\/www.radnotiiskola.hu\/new\/wp-content\/uploads\/2023\/08\/360136115_239309598967001_2415301480291663928_n-1536x1152.jpg 1536w, http:\/\/www.radnotiiskola.hu\/new\/wp-content\/uploads\/2023\/08\/360136115_239309598967001_2415301480291663928_n.jpg 2048w\" sizes=\"auto, (max-width: 300px) 100vw, 300px\" \/>Id\u00e9n is megrendez\u00e9sre ker\u00fclt iskol\u00e1nk di\u00e1kjai sz\u00e1m\u00e1ra az idegen nyelvi t\u00e1bor Karinti\u00e1ban, Ausztri\u00e1ban. Napi 2 nyelv\u00f3r\u00e1n gazdag\u00edthatt\u00e1k tud\u00e1sukat a gyerekek anyanyelv\u0171 tan\u00e1rok vezet\u00e9s\u00e9vel.<\/p>\n<p><!--more--><\/p>\n<p>A tanul\u00e1st minden nap kir\u00e1ndul\u00e1sok, t\u00far\u00e1k, kultur\u00e1lis programok k\u00f6vett\u00e9k.<\/p>\n<ul>\n<li>a Pyramidenkogel 52 m\u00e9teres magass\u00e1g\u00e1b\u00f3l z\u00e1rt cs\u00faszd\u00e1n jutottunk le,<\/li>\n<li>haj\u00f3k\u00e1zhattunk az Ossiacher tavon,<img loading=\"lazy\" decoding=\"async\" class=\"size-medium wp-image-3684 alignright\" src=\"http:\/\/www.radnotiiskola.hu\/new\/wp-content\/uploads\/2023\/08\/360077818_938805060528682_1852633693173380782_n-300x225.jpg\" alt=\"\" width=\"300\" height=\"225\" srcset=\"http:\/\/www.radnotiiskola.hu\/new\/wp-content\/uploads\/2023\/08\/360077818_938805060528682_1852633693173380782_n-300x225.jpg 300w, http:\/\/www.radnotiiskola.hu\/new\/wp-content\/uploads\/2023\/08\/360077818_938805060528682_1852633693173380782_n-1024x768.jpg 1024w, http:\/\/www.radnotiiskola.hu\/new\/wp-content\/uploads\/2023\/08\/360077818_938805060528682_1852633693173380782_n-768x576.jpg 768w, http:\/\/www.radnotiiskola.hu\/new\/wp-content\/uploads\/2023\/08\/360077818_938805060528682_1852633693173380782_n-1536x1152.jpg 1536w, http:\/\/www.radnotiiskola.hu\/new\/wp-content\/uploads\/2023\/08\/360077818_938805060528682_1852633693173380782_n.jpg 2048w\" sizes=\"auto, (max-width: 300px) 100vw, 300px\" \/><\/li>\n<li>s\u00e9t\u00e1ltunkk Villach v\u00e1roska f\u0151utc\u00e1j\u00e1n,<\/li>\n<li>megtekintett\u00fck Hochosterwitz v\u00e1r\u00e1t,<\/li>\n<li>t\u00far\u00e1ztunk a Groppenstein v\u00edzes\u00e9s ment\u00e9n,<\/li>\n<li>megm\u00e1sztuk a Raggaschluchtot,<\/li>\n<li>Sommeregg v\u00e1r\u00e1ban borzongtunk a k\u00f6z\u00e9pkori k\u00ednz\u00e1sokon,<\/li>\n<li>3150 m\u00e9ter magasan h\u00f3ban s\u00e9t\u00e1ltunk a M\u00f6lltal gleccsern\u00e9l<\/li>\n<li>leboboztunk a Turracher H\u00f6her\u0151l,<\/li>\n<li>mad\u00e1rr\u00f6ptet\u00e9st l\u00e1ttunk Landskron v\u00e1r\u00e1ban.<\/li>\n<\/ul>\n<p style=\"text-align: justify;\"><img loading=\"lazy\" decoding=\"async\" class=\"size-medium wp-image-3685 alignright\" src=\"http:\/\/www.radnotiiskola.hu\/new\/wp-content\/uploads\/2023\/08\/360172307_569600321807414_7965098782632466149_n-300x225.jpg\" alt=\"\" width=\"300\" height=\"225\" srcset=\"http:\/\/www.radnotiiskola.hu\/new\/wp-content\/uploads\/2023\/08\/360172307_569600321807414_7965098782632466149_n-300x225.jpg 300w, http:\/\/www.radnotiiskola.hu\/new\/wp-content\/uploads\/2023\/08\/360172307_569600321807414_7965098782632466149_n-1024x768.jpg 1024w, http:\/\/www.radnotiiskola.hu\/new\/wp-content\/uploads\/2023\/08\/360172307_569600321807414_7965098782632466149_n-768x576.jpg 768w, http:\/\/www.radnotiiskola.hu\/new\/wp-content\/uploads\/2023\/08\/360172307_569600321807414_7965098782632466149_n-1536x1152.jpg 1536w, http:\/\/www.radnotiiskola.hu\/new\/wp-content\/uploads\/2023\/08\/360172307_569600321807414_7965098782632466149_n.jpg 2048w\" sizes=\"auto, (max-width: 300px) 100vw, 300px\" \/>Sz\u00e1ll\u00e1sunk a Fraganterwirt nev\u0171 panzi\u00f3ban volt, \u00f6sszkomfortos 4-5 f\u0151s szob\u00e1kban. A b\u0151s\u00e9ges sv\u00e9dasztalos \u00e9tkez\u00e9sek&nbsp; gondoskodtak arr\u00f3l, hogy legyen energi\u00e1nk a nap folyam\u00e1n.<\/p>\n<p style=\"text-align: justify;\">B\u00e1r az id\u0151j\u00e1r\u00e1s nem mindig volt kegyes hozz\u00e1nk, de a j\u00f3 hangulat adott volt.<\/p>\n<p>Csapatunkat Kiss L\u00e1szl\u00f3n\u00e9 Ildi n\u00e9ni szervez\u0151 \u00e9s F\u00e1bi\u00e1n Judit tan\u00e1rn\u0151 k\u00eds\u00e9rt\u00e9k.<\/p>\n","protected":false},"excerpt":{"rendered":"<p>Id\u00e9n is megrendez\u00e9sre ker\u00fclt iskol\u00e1nk di\u00e1kjai sz\u00e1m\u00e1ra az idegen nyelvi t\u00e1bor Karinti\u00e1ban, Ausztri\u00e1ban. Napi 2 nyelv\u00f3r\u00e1n gazdag\u00edthatt\u00e1k tud\u00e1sukat a gyerekek anyanyelv\u0171 tan\u00e1rok vezet\u00e9s\u00e9vel.<\/p>\n","protected":false},"author":4,"featured_media":0,"comment_status":"closed","ping_status":"open","sticky":false,"template":"","format":"standard","meta":{"ngg_post_thumbnail":0,"footnotes":""},"categories":[48],"tags":[],"class_list":["post-3682","post","type-post","status-publish","format-standard","hentry","category-esemenyek-2023"],"_links":{"self":[{"href":"http:\/\/www.radnotiiskola.hu\/new\/wp-json\/wp\/v2\/posts\/3682","targetHints":{"allow":["GET"]}}],"collection":[{"href":"http:\/\/www.radnotiiskola.hu\/new\/wp-json\/wp\/v2\/posts"}],"about":[{"href":"http:\/\/www.radnotiiskola.hu\/new\/wp-json\/wp\/v2\/types\/post"}],"author":[{"embeddable":true,"href":"http:\/\/www.radnotiiskola.hu\/new\/wp-json\/wp\/v2\/users\/4"}],"replies":[{"embeddable":true,"href":"http:\/\/www.radnotiiskola.hu\/new\/wp-json\/wp\/v2\/comments?post=3682"}],"version-history":[{"count":0,"href":"http:\/\/www.radnotiiskola.hu\/new\/wp-json\/wp\/v2\/posts\/3682\/revisions"}],"wp:attachment":[{"href":"http:\/\/www.radnotiiskola.hu\/new\/wp-json\/wp\/v2\/media?parent=3682"}],"wp:term":[{"taxonomy":"category","embeddable":true,"href":"http:\/\/www.radnotiiskola.hu\/new\/wp-json\/wp\/v2\/categories?post=3682"},{"taxonomy":"post_tag","embeddable":true,"href":"http:\/\/www.radnotiiskola.hu\/new\/wp-json\/wp\/v2\/tags?post=3682"}],"curies":[{"name":"wp","href":"https:\/\/api.w.org\/{rel}","templated":true}]}}