{"id":3687,"date":"2023-07-07T08:45:00","date_gmt":"2023-07-07T08:45:00","guid":{"rendered":"http:\/\/www.radnotiiskola.hu\/new\/?p=3687"},"modified":"2023-08-22T08:56:56","modified_gmt":"2023-08-22T08:56:56","slug":"szep-nyari-nap-2","status":"publish","type":"post","link":"http:\/\/www.radnotiiskola.hu\/new\/2023\/07\/07\/szep-nyari-nap-2\/","title":{"rendered":"\u201eSz\u00e9p ny\u00e1ri nap\u2026\u201d"},"content":{"rendered":"\n<p style=\"text-align: center;\"><strong>\u201eSz\u00e9p ny\u00e1ri nap\u2026\u201d<br><\/strong><strong>Egy felejthetetlen h\u00e9t a Gy\u0151r\u00fajbar\u00e1ti gyerekt\u00e1borban<br><\/strong><strong>2023. j\u00falius 3-7.<\/strong><strong>&nbsp;<\/strong><\/p>\n<p style=\"text-align: justify;\"><img loading=\"lazy\" decoding=\"async\" class=\"size-medium wp-image-3689 alignright\" src=\"http:\/\/www.radnotiiskola.hu\/new\/wp-content\/uploads\/2023\/08\/358505441_784207479842139_7286276666164643233_n-300x225.jpg\" alt=\"\" width=\"300\" height=\"225\" srcset=\"http:\/\/www.radnotiiskola.hu\/new\/wp-content\/uploads\/2023\/08\/358505441_784207479842139_7286276666164643233_n-300x225.jpg 300w, http:\/\/www.radnotiiskola.hu\/new\/wp-content\/uploads\/2023\/08\/358505441_784207479842139_7286276666164643233_n-1024x767.jpg 1024w, http:\/\/www.radnotiiskola.hu\/new\/wp-content\/uploads\/2023\/08\/358505441_784207479842139_7286276666164643233_n-768x575.jpg 768w, http:\/\/www.radnotiiskola.hu\/new\/wp-content\/uploads\/2023\/08\/358505441_784207479842139_7286276666164643233_n-1536x1150.jpg 1536w, http:\/\/www.radnotiiskola.hu\/new\/wp-content\/uploads\/2023\/08\/358505441_784207479842139_7286276666164643233_n.jpg 2048w\" sizes=\"auto, (max-width: 300px) 100vw, 300px\" \/>Ahogy minden \u00e9vben iskol\u00e1nk 46 (2-7. oszt\u00e1lyos) tanul\u00f3ja pedag\u00f3gusaikkal egyetemben r\u00e9szt vettek a Gy\u0151r\u00fajbar\u00e1ti gyerekt\u00e1bor sz\u00ednes kavalk\u00e1dj\u00e1ban. Eg\u00e9sz h\u00e9ten mindenki tal\u00e1lhatott mag\u00e1nak val\u00f3 programokat, melyek nagyon <strong>sz\u00ednvonalasak<\/strong> voltak. Ezeken minden koroszt\u00e1ly, tan\u00e1raikkal egy\u00fctt j\u00f3l sz\u00f3rakozhatott \u00e9s vid\u00e1m perceket szerezhetett mag\u00e1nak.<!--more--><\/p>\n<p><strong>A h\u00e9ten t\u00f6bbnyire j\u00f3 volt az id\u0151j\u00e1r\u00e1s, \u00edgy valamennyi szabadid\u0151s programban r\u00e9szt vehett\u00fcnk.<\/strong><\/p>\n<p><strong><u>H\u00e9tf\u0151n: <\/u><\/strong><\/p>\n<ul>\n<li>A <strong>t\u00e1bornyit\u00f3n<\/strong> t\u00e1j\u00e9koztattak benn\u00fcnket a t\u00e1bori szab\u00e1lyokr\u00f3l, programokr\u00f3l \u00e9s k\u00f6z\u00f6s t\u00e1bort\u00e1nccal ind\u00edtottuk a hetet.<\/li>\n<li><strong>A t\u00e1bor legfels\u0151 szintj\u00e9n kaptunk sz\u00e1ll\u00e1st, \u00edgy eg\u00e9sz h\u00e9ten biztos\u00edtva volt a napi l\u00e9p\u00e9ssz\u00e1munk<\/strong><strong>.<\/strong><\/li>\n<li>A h\u00e1zak elfoglal\u00e1s\u00e1t k\u00f6vet\u0151en kicsinyeink azonnal birtokukba vett\u00e9k a k\u00fclt\u00e9ri <strong>Hajsza Parkot<\/strong>, mely eg\u00e9sz h\u00e9ten kih\u00edv\u00e1s el\u00e9 \u00e1ll\u00edtott benn\u00fcnket.<\/li>\n<li>D\u00e9lut\u00e1n <strong>elfoglaltuk a t\u00e1bori medenc\u00e9t, <\/strong>ahol nagy v\u00edzi csat\u00e1t csaptunk a h\u0171s v\u00edzben, s egy j\u00f3t zumb\u00e1ztunk.<\/li>\n<li>K\u00e9s\u0151bb <strong>k\u00f3kusz bomba j\u00e1t\u00e9kban vett\u00fcnk r\u00e9szt \u00e9s kipr\u00f3b\u00e1lhattuk magunkat a digit\u00e1lis homokk\u00e9p k\u00e9sz\u00edt\u00e9sben.<\/strong><\/li>\n<li>A napot ismerked\u0151s<strong> disco<\/strong> z\u00e1rta.<\/li>\n<\/ul>\n<p><strong><u>Kedden<\/u><\/strong><u>:<\/u><\/p>\n<ul>\n<li>Fiainknak a t\u00e1bori <strong>foci bajnoks\u00e1gon<\/strong><\/li>\n<li>D\u00e9lut\u00e1n az \u201e<strong>utaz\u00e1s a vil\u00e1g k\u00f6r\u00fcl\u201d \u00e1llom\u00e1sos-menetleveles j\u00e1t\u00e9kon<\/strong> r\u00e9sztvev\u0151 <strong> oszt\u00e1lyos<\/strong> csapatunk az <strong>els\u0151 helyez\u00e9st \u00e9rte el.<\/strong><\/li>\n<li>Koraeste a <strong>\u201esz\u00ednh\u00e1z az eg\u00e9sz vil\u00e1g\u201d<\/strong> \u2013 meseel\u0151ad\u00e1st n\u00e9zhett\u00fck meg. Majd megrendezt\u00e9k a <strong>l\u00e1nyok sz\u00e9ps\u00e9g- a fi\u00fak macs\u00f3verseny\u00e9t<\/strong>. Ahol <strong>Arany Anna<\/strong> (2. a) sz\u00e9ps\u00e9gkir\u00e1lyn\u0151i koron\u00e1t, <strong>Kors\u00f3s Regina <\/strong>(2. a) <strong>udvarh\u00f6lgyi c\u00edmet, Harcot Zerind <\/strong>(4. a) <strong>pedig a t\u00e1bor macs\u00f3ja 2. helyez\u00e9s\u00e9t <\/strong>nyerte el.<\/li>\n<li>Az est\u00e9t fergeteges <strong>t\u00e1ncparti<\/strong> z\u00e1rta.<\/li>\n<\/ul>\n<p><strong><u>Szerd\u00e1n:<img loading=\"lazy\" decoding=\"async\" class=\"size-medium wp-image-3690 alignright\" src=\"http:\/\/www.radnotiiskola.hu\/new\/wp-content\/uploads\/2023\/08\/358502067_1375245696434013_617002265799764105_n-225x300.jpg\" alt=\"\" width=\"225\" height=\"300\" srcset=\"http:\/\/www.radnotiiskola.hu\/new\/wp-content\/uploads\/2023\/08\/358502067_1375245696434013_617002265799764105_n-225x300.jpg 225w, http:\/\/www.radnotiiskola.hu\/new\/wp-content\/uploads\/2023\/08\/358502067_1375245696434013_617002265799764105_n-767x1024.jpg 767w, http:\/\/www.radnotiiskola.hu\/new\/wp-content\/uploads\/2023\/08\/358502067_1375245696434013_617002265799764105_n-768x1026.jpg 768w, http:\/\/www.radnotiiskola.hu\/new\/wp-content\/uploads\/2023\/08\/358502067_1375245696434013_617002265799764105_n-1150x1536.jpg 1150w, http:\/\/www.radnotiiskola.hu\/new\/wp-content\/uploads\/2023\/08\/358502067_1375245696434013_617002265799764105_n.jpg 1533w\" sizes=\"auto, (max-width: 225px) 100vw, 225px\" \/><\/u><\/strong><\/p>\n<ul>\n<li style=\"text-align: justify;\">D\u00e9lel\u0151tt <strong>k\u00e9zm\u0171ves foglalkoz\u00e1son <\/strong>vehett\u00fcnk r\u00e9szt. A sportosabbak pedig a t\u00e1bor anim\u00e1torait h\u00edvhatt\u00e1k ki<strong> egy bar\u00e1ts\u00e1gos r\u00f6plabda \u00e9s kos\u00e1rlabda<\/strong> m\u00e9rk\u0151z\u00e9sre.<\/li>\n<li style=\"text-align: justify;\">D\u00e9lut\u00e1n <strong>Disney Activityn<\/strong> \u00fcgyeskedhett\u00fcnk. S kipr\u00f3b\u00e1lhattuk magunkat mese\u00edr\u00f3k\u00e9nt az <strong>\u201e\u00cdrd \u00fajra!\u201d<\/strong> j\u00e1t\u00e9kban.<\/li>\n<li style=\"text-align: justify;\">A nap f\u00e9nypontja az <strong>esti mozifilmvet\u00edt\u00e9s<\/strong> volt. <strong>A rosszfi\u00fak<\/strong> (The Bad Guys) c. anim\u00e1ci\u00f3s filmet n\u00e9zt\u00fck meg.<\/li>\n<\/ul>\n<p><strong><u>Cs\u00fct\u00f6rt\u00f6k\u00f6n:<\/u><\/strong><\/p>\n<ul>\n<li>D\u00e9lel\u0151tt rendezt\u00e9k meg a pingpong \u00e9s <strong>csocs\u00f3<\/strong> versenyeket. Mely ut\u00f3bbi <strong>fin\u00e1l\u00e9j\u00e1ba Ildi \u00e9s Enik\u0151 n\u00e9ni is bejutot<\/strong>t, s a m\u00e1sodik helyez\u00e9st \u00e9rt\u00e9k el.<img loading=\"lazy\" decoding=\"async\" class=\"size-medium wp-image-3692 alignright\" src=\"http:\/\/www.radnotiiskola.hu\/new\/wp-content\/uploads\/2023\/08\/357667138_1956500664707541_7005821196170009837_n-300x225.jpg\" alt=\"\" width=\"300\" height=\"225\" srcset=\"http:\/\/www.radnotiiskola.hu\/new\/wp-content\/uploads\/2023\/08\/357667138_1956500664707541_7005821196170009837_n-300x225.jpg 300w, http:\/\/www.radnotiiskola.hu\/new\/wp-content\/uploads\/2023\/08\/357667138_1956500664707541_7005821196170009837_n-1024x767.jpg 1024w, http:\/\/www.radnotiiskola.hu\/new\/wp-content\/uploads\/2023\/08\/357667138_1956500664707541_7005821196170009837_n-768x575.jpg 768w, http:\/\/www.radnotiiskola.hu\/new\/wp-content\/uploads\/2023\/08\/357667138_1956500664707541_7005821196170009837_n-1536x1150.jpg 1536w, http:\/\/www.radnotiiskola.hu\/new\/wp-content\/uploads\/2023\/08\/357667138_1956500664707541_7005821196170009837_n.jpg 2048w\" sizes=\"auto, (max-width: 300px) 100vw, 300px\" \/><\/li>\n<li>Majd az <strong>\u00e9rz\u00e9kszervek vet\u00e9lked\u0151n<\/strong> m\u00e9rhett\u00e9k \u00f6ssze \u00fcgyess\u00e9g\u00fcket, tud\u00e1sukat a t\u00e1boroz\u00f3 gyerekek. A versenyben a <strong>4. oszt\u00e1lyos csapatunk gy\u0151zedelmeskedett<\/strong>.<\/li>\n<li>Este fellobbant a <strong>t\u00e1bort\u0171z<\/strong>, sokat \u00e9nekelt\u00fcnk, v\u00e9g\u00fcl az anim\u00e1torok \u00e9rt\u00e9kelt\u00e9k a heti programokat, s kihirdett\u00e9k a versenyek eredm\u00e9nyeit is.<\/li>\n<li>A napot a <strong>Flames T\u00e1nc- \u00e9s Mozg\u00e1sst\u00fadi\u00f3 t\u00e1nc bemutat\u00f3j\u00e1val, <\/strong>egy r\u00f6vid <strong>koreogr\u00e1fia <\/strong>megtanul\u00e1s\u00e1val \u00e9s <strong>discoval<\/strong> z\u00e1rtuk.<\/li>\n<\/ul>\n<p><strong><u>P\u00e9nteken:<\/u><\/strong> m\u00e9g kihaszn\u00e1ltuk a t\u00e1bor ny\u00fajtotta <strong>szabadid\u0151s tev\u00e9kenys\u00e9geket<\/strong>, sokat j\u00e1tszottuk, t\u00e1rsasoztunk, k\u00e1rty\u00e1ztunk \u00e9s m\u00e9g utolj\u00e1ra egy j\u00f3t f\u00fcr\u00f6dt\u00fcnk a t\u00e1bori medenc\u00e9ben.<\/p>\n<p style=\"text-align: justify;\"><img loading=\"lazy\" decoding=\"async\" class=\"size-medium wp-image-3691 alignright\" src=\"http:\/\/www.radnotiiskola.hu\/new\/wp-content\/uploads\/2023\/08\/355054756_1036181444411484_1667421529096834571_n-300x225.jpg\" alt=\"\" width=\"300\" height=\"225\" srcset=\"http:\/\/www.radnotiiskola.hu\/new\/wp-content\/uploads\/2023\/08\/355054756_1036181444411484_1667421529096834571_n-300x225.jpg 300w, http:\/\/www.radnotiiskola.hu\/new\/wp-content\/uploads\/2023\/08\/355054756_1036181444411484_1667421529096834571_n-1024x767.jpg 1024w, http:\/\/www.radnotiiskola.hu\/new\/wp-content\/uploads\/2023\/08\/355054756_1036181444411484_1667421529096834571_n-768x575.jpg 768w, http:\/\/www.radnotiiskola.hu\/new\/wp-content\/uploads\/2023\/08\/355054756_1036181444411484_1667421529096834571_n-1536x1150.jpg 1536w, http:\/\/www.radnotiiskola.hu\/new\/wp-content\/uploads\/2023\/08\/355054756_1036181444411484_1667421529096834571_n.jpg 2048w\" sizes=\"auto, (max-width: 300px) 100vw, 300px\" \/>A t\u00e1bor hete tele volt <strong>jobbn\u00e1l jobb<\/strong> programokkal, sokat <strong>nevett\u00fcnk<\/strong>, s lehet, hogy \u00e9letre sz\u00f3l\u00f3 <strong>bar\u00e1ts\u00e1gok<\/strong> k\u00f6t\u0151dtek! A t\u00e1borlak\u00f3k csod\u00e1latos <strong>\u00e9lm\u00e9nyekkel<\/strong> t\u00e9rhettek haza.<\/p>\n<p>&nbsp;<\/p>\n<p><strong>T\u00e1borlak\u00f3 pedag\u00f3gusok:<\/strong> S\u00fct\u00f6rin\u00e9 Hada Ildik\u00f3, Nagy \u00c9va, Nagy Erzs\u00e9bet, T\u00f6rk\u00f6ly Enik\u0151 \u00e9s Varga Violetta<\/p>\n<p><strong>T\u00e1borlak\u00f3 gyerekek:<img loading=\"lazy\" decoding=\"async\" class=\"alignnone size-large wp-image-3688\" src=\"http:\/\/www.radnotiiskola.hu\/new\/wp-content\/uploads\/2023\/08\/358612631_1023323612159197_7647604640537749483_n-1024x400.jpg\" alt=\"\" width=\"648\" height=\"253\" srcset=\"http:\/\/www.radnotiiskola.hu\/new\/wp-content\/uploads\/2023\/08\/358612631_1023323612159197_7647604640537749483_n-1024x400.jpg 1024w, http:\/\/www.radnotiiskola.hu\/new\/wp-content\/uploads\/2023\/08\/358612631_1023323612159197_7647604640537749483_n-300x117.jpg 300w, http:\/\/www.radnotiiskola.hu\/new\/wp-content\/uploads\/2023\/08\/358612631_1023323612159197_7647604640537749483_n-768x300.jpg 768w, http:\/\/www.radnotiiskola.hu\/new\/wp-content\/uploads\/2023\/08\/358612631_1023323612159197_7647604640537749483_n-1536x599.jpg 1536w, http:\/\/www.radnotiiskola.hu\/new\/wp-content\/uploads\/2023\/08\/358612631_1023323612159197_7647604640537749483_n.jpg 2048w\" sizes=\"auto, (max-width: 648px) 100vw, 648px\" \/><\/strong><\/p>\n<p><strong>A besz\u00e1mol\u00f3t k\u00e9sz\u00edtette: <\/strong>S\u00fct\u00f6rin\u00e9 Hada Ildik\u00f3, a t\u00e1bor szervez\u0151je<\/p>\n","protected":false},"excerpt":{"rendered":"<p>\u201eSz\u00e9p ny\u00e1ri nap\u2026\u201dEgy felejthetetlen h\u00e9t a Gy\u0151r\u00fajbar\u00e1ti gyerekt\u00e1borban2023. j\u00falius 3-7.&nbsp; Ahogy minden \u00e9vben iskol\u00e1nk 46 (2-7. oszt\u00e1lyos) tanul\u00f3ja pedag\u00f3gusaikkal egyetemben r\u00e9szt vettek a Gy\u0151r\u00fajbar\u00e1ti gyerekt\u00e1bor sz\u00ednes kavalk\u00e1dj\u00e1ban. Eg\u00e9sz h\u00e9ten mindenki tal\u00e1lhatott mag\u00e1nak val\u00f3 programokat, melyek nagyon sz\u00ednvonalasak voltak. Ezeken minden koroszt\u00e1ly, tan\u00e1raikkal egy\u00fctt j\u00f3l sz\u00f3rakozhatott \u00e9s vid\u00e1m perceket szerezhetett mag\u00e1nak.<\/p>\n","protected":false},"author":4,"featured_media":0,"comment_status":"closed","ping_status":"open","sticky":false,"template":"","format":"standard","meta":{"ngg_post_thumbnail":0,"footnotes":""},"categories":[48],"tags":[],"class_list":["post-3687","post","type-post","status-publish","format-standard","hentry","category-esemenyek-2023"],"_links":{"self":[{"href":"http:\/\/www.radnotiiskola.hu\/new\/wp-json\/wp\/v2\/posts\/3687","targetHints":{"allow":["GET"]}}],"collection":[{"href":"http:\/\/www.radnotiiskola.hu\/new\/wp-json\/wp\/v2\/posts"}],"about":[{"href":"http:\/\/www.radnotiiskola.hu\/new\/wp-json\/wp\/v2\/types\/post"}],"author":[{"embeddable":true,"href":"http:\/\/www.radnotiiskola.hu\/new\/wp-json\/wp\/v2\/users\/4"}],"replies":[{"embeddable":true,"href":"http:\/\/www.radnotiiskola.hu\/new\/wp-json\/wp\/v2\/comments?post=3687"}],"version-history":[{"count":0,"href":"http:\/\/www.radnotiiskola.hu\/new\/wp-json\/wp\/v2\/posts\/3687\/revisions"}],"wp:attachment":[{"href":"http:\/\/www.radnotiiskola.hu\/new\/wp-json\/wp\/v2\/media?parent=3687"}],"wp:term":[{"taxonomy":"category","embeddable":true,"href":"http:\/\/www.radnotiiskola.hu\/new\/wp-json\/wp\/v2\/categories?post=3687"},{"taxonomy":"post_tag","embeddable":true,"href":"http:\/\/www.radnotiiskola.hu\/new\/wp-json\/wp\/v2\/tags?post=3687"}],"curies":[{"name":"wp","href":"https:\/\/api.w.org\/{rel}","templated":true}]}}