{"id":3705,"date":"2023-09-02T10:22:00","date_gmt":"2023-09-02T10:22:00","guid":{"rendered":"http:\/\/www.radnotiiskola.hu\/new\/?p=3705"},"modified":"2023-09-07T10:27:02","modified_gmt":"2023-09-07T10:27:02","slug":"akire-buszkek-vagyunk-2","status":"publish","type":"post","link":"http:\/\/www.radnotiiskola.hu\/new\/2023\/09\/02\/akire-buszkek-vagyunk-2\/","title":{"rendered":"Akire b\u00fcszk\u00e9k vagyunk"},"content":{"rendered":"\n<p>Gratul\u00e1lunk Vastag Marcell Mil\u00e1n nyolcadik oszt\u00e1lyos tanul\u00f3nknak a kiemelked\u0151 sportteljes\u00edtm\u00e9ny\u00e9hez. <!--more--><\/p>\n<p><img loading=\"lazy\" decoding=\"async\" class=\"size-full wp-image-3706 aligncenter\" src=\"http:\/\/www.radnotiiskola.hu\/new\/wp-content\/uploads\/2023\/09\/Marcell.jpg\" alt=\"\" width=\"525\" height=\"758\" srcset=\"http:\/\/www.radnotiiskola.hu\/new\/wp-content\/uploads\/2023\/09\/Marcell.jpg 525w, http:\/\/www.radnotiiskola.hu\/new\/wp-content\/uploads\/2023\/09\/Marcell-208x300.jpg 208w\" sizes=\"auto, (max-width: 525px) 100vw, 525px\" \/><\/p>\n","protected":false},"excerpt":{"rendered":"<p>Gratul\u00e1lunk Vastag Marcell Mil\u00e1n nyolcadik oszt\u00e1lyos tanul\u00f3nknak a kiemelked\u0151 sportteljes\u00edtm\u00e9ny\u00e9hez.<\/p>\n","protected":false},"author":4,"featured_media":0,"comment_status":"closed","ping_status":"open","sticky":false,"template":"","format":"standard","meta":{"ngg_post_thumbnail":0,"footnotes":""},"categories":[52],"tags":[],"class_list":["post-3705","post","type-post","status-publish","format-standard","hentry","category-eredmenyek-2023"],"_links":{"self":[{"href":"http:\/\/www.radnotiiskola.hu\/new\/wp-json\/wp\/v2\/posts\/3705","targetHints":{"allow":["GET"]}}],"collection":[{"href":"http:\/\/www.radnotiiskola.hu\/new\/wp-json\/wp\/v2\/posts"}],"about":[{"href":"http:\/\/www.radnotiiskola.hu\/new\/wp-json\/wp\/v2\/types\/post"}],"author":[{"embeddable":true,"href":"http:\/\/www.radnotiiskola.hu\/new\/wp-json\/wp\/v2\/users\/4"}],"replies":[{"embeddable":true,"href":"http:\/\/www.radnotiiskola.hu\/new\/wp-json\/wp\/v2\/comments?post=3705"}],"version-history":[{"count":0,"href":"http:\/\/www.radnotiiskola.hu\/new\/wp-json\/wp\/v2\/posts\/3705\/revisions"}],"wp:attachment":[{"href":"http:\/\/www.radnotiiskola.hu\/new\/wp-json\/wp\/v2\/media?parent=3705"}],"wp:term":[{"taxonomy":"category","embeddable":true,"href":"http:\/\/www.radnotiiskola.hu\/new\/wp-json\/wp\/v2\/categories?post=3705"},{"taxonomy":"post_tag","embeddable":true,"href":"http:\/\/www.radnotiiskola.hu\/new\/wp-json\/wp\/v2\/tags?post=3705"}],"curies":[{"name":"wp","href":"https:\/\/api.w.org\/{rel}","templated":true}]}}