{"id":3760,"date":"2023-10-03T13:30:29","date_gmt":"2023-10-03T13:30:29","guid":{"rendered":"http:\/\/www.radnotiiskola.hu\/new\/?p=3760"},"modified":"2023-11-08T16:48:28","modified_gmt":"2023-11-08T16:48:28","slug":"europai-diaksport-napja-4","status":"publish","type":"post","link":"http:\/\/www.radnotiiskola.hu\/new\/2023\/10\/03\/europai-diaksport-napja-4\/","title":{"rendered":"EUR\u00d3PAI DI\u00c1KSPORT NAPJA"},"content":{"rendered":"\n<p><strong>F\u0151 c\u00e9lja: <\/strong><strong>\u201e<\/strong><strong>A mozg\u00e1s \u00f6r\u00f6me\u201d<\/strong><strong> \u00fczenet be\u00e9p\u00edt\u00e9se a mai napba.<\/strong><\/p>\n<p style=\"text-align: center;\"><strong>AZ ARANYPARTON&nbsp; <br><\/strong>szeptember 29.<\/p>\n<p><strong><em>Helyez\u00e9sek:&nbsp;&nbsp;&nbsp; <br><\/em><\/strong><strong><em>Als\u00f3ban:<img loading=\"lazy\" decoding=\"async\" class=\"size-medium wp-image-3761 alignright\" src=\"http:\/\/www.radnotiiskola.hu\/new\/wp-content\/uploads\/2023\/10\/sportnap-300x225.jpg\" alt=\"\" width=\"300\" height=\"225\" srcset=\"http:\/\/www.radnotiiskola.hu\/new\/wp-content\/uploads\/2023\/10\/sportnap-300x225.jpg 300w, http:\/\/www.radnotiiskola.hu\/new\/wp-content\/uploads\/2023\/10\/sportnap.jpg 640w\" sizes=\"auto, (max-width: 300px) 100vw, 300px\" \/><br><\/em><\/strong>Nagy k\u00fczdelemben, sz\u00e9pen szerepelt az 1. a oszt\u00e1ly \u00e9s a 4. a oszt\u00e1ly.<br>1. helyez\u00e9st \u00e9rt el az 1. a oszt\u00e1ly \u00e9s 3.a, 4.a<br>2. helyez\u00e9st \u00e9rt el az 1.b, 2. a \u00e9s 4. b oszt\u00e1ly k\u00f6z\u00f6s csapata<!--more--><\/p>\n<p><strong><em>Fels\u0151ben:<img loading=\"lazy\" decoding=\"async\" class=\"size-medium wp-image-3762 alignright\" src=\"http:\/\/www.radnotiiskola.hu\/new\/wp-content\/uploads\/2023\/10\/sportnap2-300x225.jpg\" alt=\"\" width=\"300\" height=\"225\" srcset=\"http:\/\/www.radnotiiskola.hu\/new\/wp-content\/uploads\/2023\/10\/sportnap2-300x225.jpg 300w, http:\/\/www.radnotiiskola.hu\/new\/wp-content\/uploads\/2023\/10\/sportnap2.jpg 640w\" sizes=\"auto, (max-width: 300px) 100vw, 300px\" \/><br><\/em><\/strong>Magas pontsz\u00e1mmal, sz\u00e9pen szerepelt a 8. a oszt\u00e1ly<br>1. helyez\u00e9st \u00e9rt el a 8. oszt\u00e1ly, \u00e9s 5. a oszt\u00e1ly<br>2. helyez\u00e9st \u00e9rt el az 6. a \u00e9s 7.a oszt\u00e1ly csapata<\/p>\n<p><strong><em>Szervez\u0151: <\/em><\/strong>Harcs\u00e1n\u00e9 A. Petra D\u00d6K, T\u00f6rk\u00f6ly Enik\u0151&nbsp;<br><strong>Seg\u00edt\u0151k<\/strong>: N\u00e9meth Zolt\u00e1n \u00e9s Vigh Zsolt testnevel\u0151<\/p>\n<p>&nbsp;<\/p>\n","protected":false},"excerpt":{"rendered":"<p>F\u0151 c\u00e9lja: \u201eA mozg\u00e1s \u00f6r\u00f6me\u201d \u00fczenet be\u00e9p\u00edt\u00e9se a mai napba. AZ ARANYPARTON&nbsp; szeptember 29. Helyez\u00e9sek:&nbsp;&nbsp;&nbsp; Als\u00f3ban:Nagy k\u00fczdelemben, sz\u00e9pen szerepelt az 1. a oszt\u00e1ly \u00e9s a 4. a oszt\u00e1ly.1. helyez\u00e9st \u00e9rt el az 1. a oszt\u00e1ly \u00e9s 3.a, 4.a2. helyez\u00e9st \u00e9rt el az 1.b, 2. a \u00e9s 4. b oszt\u00e1ly k\u00f6z\u00f6s csapata<\/p>\n","protected":false},"author":4,"featured_media":0,"comment_status":"closed","ping_status":"open","sticky":false,"template":"","format":"standard","meta":{"ngg_post_thumbnail":0,"footnotes":""},"categories":[51],"tags":[],"class_list":["post-3760","post","type-post","status-publish","format-standard","hentry","category-dok-2023"],"_links":{"self":[{"href":"http:\/\/www.radnotiiskola.hu\/new\/wp-json\/wp\/v2\/posts\/3760","targetHints":{"allow":["GET"]}}],"collection":[{"href":"http:\/\/www.radnotiiskola.hu\/new\/wp-json\/wp\/v2\/posts"}],"about":[{"href":"http:\/\/www.radnotiiskola.hu\/new\/wp-json\/wp\/v2\/types\/post"}],"author":[{"embeddable":true,"href":"http:\/\/www.radnotiiskola.hu\/new\/wp-json\/wp\/v2\/users\/4"}],"replies":[{"embeddable":true,"href":"http:\/\/www.radnotiiskola.hu\/new\/wp-json\/wp\/v2\/comments?post=3760"}],"version-history":[{"count":0,"href":"http:\/\/www.radnotiiskola.hu\/new\/wp-json\/wp\/v2\/posts\/3760\/revisions"}],"wp:attachment":[{"href":"http:\/\/www.radnotiiskola.hu\/new\/wp-json\/wp\/v2\/media?parent=3760"}],"wp:term":[{"taxonomy":"category","embeddable":true,"href":"http:\/\/www.radnotiiskola.hu\/new\/wp-json\/wp\/v2\/categories?post=3760"},{"taxonomy":"post_tag","embeddable":true,"href":"http:\/\/www.radnotiiskola.hu\/new\/wp-json\/wp\/v2\/tags?post=3760"}],"curies":[{"name":"wp","href":"https:\/\/api.w.org\/{rel}","templated":true}]}}