{"id":3781,"date":"2023-10-12T11:10:44","date_gmt":"2023-10-12T11:10:44","guid":{"rendered":"http:\/\/www.radnotiiskola.hu\/new\/?p=3781"},"modified":"2023-10-26T10:59:25","modified_gmt":"2023-10-26T10:59:25","slug":"code-week","status":"publish","type":"post","link":"http:\/\/www.radnotiiskola.hu\/new\/2023\/10\/12\/code-week\/","title":{"rendered":"Code Week"},"content":{"rendered":"\n<p style=\"text-align: center;\"><img loading=\"lazy\" decoding=\"async\" class=\"size-medium wp-image-3782 aligncenter\" src=\"http:\/\/www.radnotiiskola.hu\/new\/wp-content\/uploads\/2023\/10\/codeweek-keltsd-eletre-az-otleteidet-300x152.jpg\" alt=\"\" width=\"300\" height=\"152\" srcset=\"http:\/\/www.radnotiiskola.hu\/new\/wp-content\/uploads\/2023\/10\/codeweek-keltsd-eletre-az-otleteidet-300x152.jpg 300w, http:\/\/www.radnotiiskola.hu\/new\/wp-content\/uploads\/2023\/10\/codeweek-keltsd-eletre-az-otleteidet.jpg 630w\" sizes=\"auto, (max-width: 300px) 100vw, 300px\" \/>Int\u00e9zm\u00e9ny\u00fcnk hatodik oszt\u00e1lyos tanul\u00f3i akt\u00edvan r\u00e9szt vesznek az idei \u00e9vben a <strong>Code Week<\/strong> esem\u00e9nysorozat\u00e1ban. Ennek az esem\u00e9nynek a k\u00f6z\u00e9ppontj\u00e1ban a programoz\u00e1si ismeretek m\u00e9lyebb elsaj\u00e1t\u00edt\u00e1sa a c\u00e9l. Ehhez a<strong> LOGO<\/strong> programot haszn\u00e1lj\u00e1k a gyerekek.&nbsp; Az elk\u00e9sz\u00fclt munk\u00e1kat a programsorozat v\u00e9g\u00e9n <a href=\"https:\/\/drive.google.com\/drive\/folders\/1xNEnR7W1mT84Z7JWpF48qcHhFK2FyvvO?usp=sharing\">ITT<\/a> megtekinthetik.&nbsp;<\/p>\n<p><img loading=\"lazy\" decoding=\"async\" class=\"size-medium wp-image-3783 aligncenter\" src=\"http:\/\/www.radnotiiskola.hu\/new\/wp-content\/uploads\/2023\/10\/imagine-300x214.png\" alt=\"\" width=\"300\" height=\"214\" srcset=\"http:\/\/www.radnotiiskola.hu\/new\/wp-content\/uploads\/2023\/10\/imagine-300x214.png 300w, http:\/\/www.radnotiiskola.hu\/new\/wp-content\/uploads\/2023\/10\/imagine.png 522w\" sizes=\"auto, (max-width: 300px) 100vw, 300px\" \/><\/p>\n","protected":false},"excerpt":{"rendered":"<p>Int\u00e9zm\u00e9ny\u00fcnk hatodik oszt\u00e1lyos tanul\u00f3i akt\u00edvan r\u00e9szt vesznek az idei \u00e9vben a Code Week esem\u00e9nysorozat\u00e1ban. Ennek az esem\u00e9nynek a k\u00f6z\u00e9ppontj\u00e1ban a programoz\u00e1si ismeretek m\u00e9lyebb elsaj\u00e1t\u00edt\u00e1sa a c\u00e9l. Ehhez a LOGO programot haszn\u00e1lj\u00e1k a gyerekek.&nbsp; Az elk\u00e9sz\u00fclt munk\u00e1kat a programsorozat v\u00e9g\u00e9n ITT megtekinthetik.&nbsp;<\/p>\n","protected":false},"author":4,"featured_media":0,"comment_status":"closed","ping_status":"open","sticky":false,"template":"","format":"standard","meta":{"ngg_post_thumbnail":0,"footnotes":""},"categories":[48],"tags":[],"class_list":["post-3781","post","type-post","status-publish","format-standard","hentry","category-esemenyek-2023"],"_links":{"self":[{"href":"http:\/\/www.radnotiiskola.hu\/new\/wp-json\/wp\/v2\/posts\/3781","targetHints":{"allow":["GET"]}}],"collection":[{"href":"http:\/\/www.radnotiiskola.hu\/new\/wp-json\/wp\/v2\/posts"}],"about":[{"href":"http:\/\/www.radnotiiskola.hu\/new\/wp-json\/wp\/v2\/types\/post"}],"author":[{"embeddable":true,"href":"http:\/\/www.radnotiiskola.hu\/new\/wp-json\/wp\/v2\/users\/4"}],"replies":[{"embeddable":true,"href":"http:\/\/www.radnotiiskola.hu\/new\/wp-json\/wp\/v2\/comments?post=3781"}],"version-history":[{"count":0,"href":"http:\/\/www.radnotiiskola.hu\/new\/wp-json\/wp\/v2\/posts\/3781\/revisions"}],"wp:attachment":[{"href":"http:\/\/www.radnotiiskola.hu\/new\/wp-json\/wp\/v2\/media?parent=3781"}],"wp:term":[{"taxonomy":"category","embeddable":true,"href":"http:\/\/www.radnotiiskola.hu\/new\/wp-json\/wp\/v2\/categories?post=3781"},{"taxonomy":"post_tag","embeddable":true,"href":"http:\/\/www.radnotiiskola.hu\/new\/wp-json\/wp\/v2\/tags?post=3781"}],"curies":[{"name":"wp","href":"https:\/\/api.w.org\/{rel}","templated":true}]}}