{"id":3802,"date":"2023-10-27T13:51:00","date_gmt":"2023-10-27T13:51:00","guid":{"rendered":"http:\/\/www.radnotiiskola.hu\/new\/?p=3802"},"modified":"2023-11-06T13:55:17","modified_gmt":"2023-11-06T13:55:17","slug":"halloween-party","status":"publish","type":"post","link":"http:\/\/www.radnotiiskola.hu\/new\/2023\/10\/27\/halloween-party\/","title":{"rendered":"Halloween party"},"content":{"rendered":"\n<p style=\"text-align: justify;\"><img loading=\"lazy\" decoding=\"async\" class=\"size-medium wp-image-3803 alignright\" src=\"http:\/\/www.radnotiiskola.hu\/new\/wp-content\/uploads\/2023\/11\/image1-300x225.jpeg\" alt=\"\" width=\"300\" height=\"225\" srcset=\"http:\/\/www.radnotiiskola.hu\/new\/wp-content\/uploads\/2023\/11\/image1-300x225.jpeg 300w, http:\/\/www.radnotiiskola.hu\/new\/wp-content\/uploads\/2023\/11\/image1.jpeg 640w\" sizes=\"auto, (max-width: 300px) 100vw, 300px\" \/>Az \u0151szi sz\u00fcnet el\u0151tt, okt\u00f3ber 26-\u00e1n cs\u00fct\u00f6rt\u00f6k\u00f6n iskol\u00e1nkban szervezt\u00fcnk Halloween partyt, fels\u0151s \u00e9vfolyamban. Meghirdett\u00fck a jelmezes versenyt, s\u00fcti versenyt, volt t\u00e1nc \u00e9s b\u00fcf\u00e9.<br>Els\u0151 h\u00e1rom helyezett tanul\u00f3 \u00e9dess\u00e9get kapott.<\/p>\n<p style=\"text-align: justify;\"><strong>K\u00f6sz\u00f6nj\u00fck a sz\u00fcl\u0151knek a t\u00e1mogat\u00e1st, a gyerekeknek a lelkes seg\u00edts\u00e9get.<\/strong><br>A b\u00fcf\u00e9 bev\u00e9tele a D\u00d6K kassz\u00e1j\u00e1t t\u00e1mogatta.<br>A tov\u00e1bbi k\u00e9pek <a href=\"https:\/\/drive.google.com\/drive\/folders\/1SB4fb73f8R-Yb_Tliv49G4tb_ht269BT?usp=sharing\">ITT<\/a> megtekinthet\u0151ek.&nbsp;<\/p>\n","protected":false},"excerpt":{"rendered":"<p>Az \u0151szi sz\u00fcnet el\u0151tt, okt\u00f3ber 26-\u00e1n cs\u00fct\u00f6rt\u00f6k\u00f6n iskol\u00e1nkban szervezt\u00fcnk Halloween partyt, fels\u0151s \u00e9vfolyamban. Meghirdett\u00fck a jelmezes versenyt, s\u00fcti versenyt, volt t\u00e1nc \u00e9s b\u00fcf\u00e9.Els\u0151 h\u00e1rom helyezett tanul\u00f3 \u00e9dess\u00e9get kapott. K\u00f6sz\u00f6nj\u00fck a sz\u00fcl\u0151knek a t\u00e1mogat\u00e1st, a gyerekeknek a lelkes seg\u00edts\u00e9get.A b\u00fcf\u00e9 bev\u00e9tele a D\u00d6K kassz\u00e1j\u00e1t t\u00e1mogatta.A tov\u00e1bbi k\u00e9pek ITT megtekinthet\u0151ek.&nbsp;<\/p>\n","protected":false},"author":4,"featured_media":0,"comment_status":"closed","ping_status":"open","sticky":false,"template":"","format":"standard","meta":{"ngg_post_thumbnail":0,"footnotes":""},"categories":[28],"tags":[],"class_list":["post-3802","post","type-post","status-publish","format-standard","hentry","category-esemenyek-2019"],"_links":{"self":[{"href":"http:\/\/www.radnotiiskola.hu\/new\/wp-json\/wp\/v2\/posts\/3802","targetHints":{"allow":["GET"]}}],"collection":[{"href":"http:\/\/www.radnotiiskola.hu\/new\/wp-json\/wp\/v2\/posts"}],"about":[{"href":"http:\/\/www.radnotiiskola.hu\/new\/wp-json\/wp\/v2\/types\/post"}],"author":[{"embeddable":true,"href":"http:\/\/www.radnotiiskola.hu\/new\/wp-json\/wp\/v2\/users\/4"}],"replies":[{"embeddable":true,"href":"http:\/\/www.radnotiiskola.hu\/new\/wp-json\/wp\/v2\/comments?post=3802"}],"version-history":[{"count":0,"href":"http:\/\/www.radnotiiskola.hu\/new\/wp-json\/wp\/v2\/posts\/3802\/revisions"}],"wp:attachment":[{"href":"http:\/\/www.radnotiiskola.hu\/new\/wp-json\/wp\/v2\/media?parent=3802"}],"wp:term":[{"taxonomy":"category","embeddable":true,"href":"http:\/\/www.radnotiiskola.hu\/new\/wp-json\/wp\/v2\/categories?post=3802"},{"taxonomy":"post_tag","embeddable":true,"href":"http:\/\/www.radnotiiskola.hu\/new\/wp-json\/wp\/v2\/tags?post=3802"}],"curies":[{"name":"wp","href":"https:\/\/api.w.org\/{rel}","templated":true}]}}