{"id":3809,"date":"2023-11-09T12:31:00","date_gmt":"2023-11-09T12:31:00","guid":{"rendered":"http:\/\/www.radnotiiskola.hu\/new\/?p=3809"},"modified":"2023-11-12T12:35:51","modified_gmt":"2023-11-12T12:35:51","slug":"radnoti-miklos-halalara-emlekezunk","status":"publish","type":"post","link":"http:\/\/www.radnotiiskola.hu\/new\/2023\/11\/09\/radnoti-miklos-halalara-emlekezunk\/","title":{"rendered":"Radn\u00f3ti Mikl\u00f3s hal\u00e1l\u00e1ra eml\u00e9kez\u00fcnk"},"content":{"rendered":"\n<p>Radn\u00f3ti Mikl\u00f3s hal\u00e1l\u00e1r\u00f3l sz\u00f3l\u00f3 megeml\u00e9kez\u00e9sre ker\u00fclt sor, amit az iskola 6. <img loading=\"lazy\" decoding=\"async\" class=\"size-medium wp-image-3810 alignright\" src=\"http:\/\/www.radnotiiskola.hu\/new\/wp-content\/uploads\/2023\/11\/image0-225x300.jpeg\" alt=\"\" width=\"225\" height=\"300\" srcset=\"http:\/\/www.radnotiiskola.hu\/new\/wp-content\/uploads\/2023\/11\/image0-225x300.jpeg 225w, http:\/\/www.radnotiiskola.hu\/new\/wp-content\/uploads\/2023\/11\/image0.jpeg 480w\" sizes=\"auto, (max-width: 225px) 100vw, 225px\" \/>oszt\u00e1lyos tanul\u00f3i adtak el\u0151.<\/p>\n<p>&#8222;D\u00e9lben ez\u00fcst telihold<br>a nap \u00e9s csak sejlik az \u00e9gen.<br>K\u00f6d sz\u00e1ll, lomha mad\u00e1r.<br>\u00c9jjel a h\u00f3 esik \u00e9s<br>angyal suhog \u00e1t a s\u00f6t\u00e9ten.<br>Nesztelen\u00fcl k\u00f6zel\u00edt,<br>m\u00e9ly havon \u00e1t a hal\u00e1l.&#8221;<\/p>\n<p>Szerepl\u0151k: <br>Kelemeny Kincs\u0151,<br>Bord\u00f3s Vanessza, <br>Jakab N\u00f3ra, \u00e9s <br>Tak\u00e1cs \u00c1ron.<\/p>\n","protected":false},"excerpt":{"rendered":"<p>Radn\u00f3ti Mikl\u00f3s hal\u00e1l\u00e1r\u00f3l sz\u00f3l\u00f3 megeml\u00e9kez\u00e9sre ker\u00fclt sor, amit az iskola 6. oszt\u00e1lyos tanul\u00f3i adtak el\u0151. &#8222;D\u00e9lben ez\u00fcst teliholda nap \u00e9s csak sejlik az \u00e9gen.K\u00f6d sz\u00e1ll, lomha mad\u00e1r.\u00c9jjel a h\u00f3 esik \u00e9sangyal suhog \u00e1t a s\u00f6t\u00e9ten.Nesztelen\u00fcl k\u00f6zel\u00edt,m\u00e9ly havon \u00e1t a hal\u00e1l.&#8221; Szerepl\u0151k: Kelemeny Kincs\u0151,Bord\u00f3s Vanessza, Jakab N\u00f3ra, \u00e9s Tak\u00e1cs \u00c1ron.<\/p>\n","protected":false},"author":4,"featured_media":0,"comment_status":"closed","ping_status":"open","sticky":false,"template":"","format":"standard","meta":{"ngg_post_thumbnail":0,"footnotes":""},"categories":[48],"tags":[],"class_list":["post-3809","post","type-post","status-publish","format-standard","hentry","category-esemenyek-2023"],"_links":{"self":[{"href":"http:\/\/www.radnotiiskola.hu\/new\/wp-json\/wp\/v2\/posts\/3809","targetHints":{"allow":["GET"]}}],"collection":[{"href":"http:\/\/www.radnotiiskola.hu\/new\/wp-json\/wp\/v2\/posts"}],"about":[{"href":"http:\/\/www.radnotiiskola.hu\/new\/wp-json\/wp\/v2\/types\/post"}],"author":[{"embeddable":true,"href":"http:\/\/www.radnotiiskola.hu\/new\/wp-json\/wp\/v2\/users\/4"}],"replies":[{"embeddable":true,"href":"http:\/\/www.radnotiiskola.hu\/new\/wp-json\/wp\/v2\/comments?post=3809"}],"version-history":[{"count":0,"href":"http:\/\/www.radnotiiskola.hu\/new\/wp-json\/wp\/v2\/posts\/3809\/revisions"}],"wp:attachment":[{"href":"http:\/\/www.radnotiiskola.hu\/new\/wp-json\/wp\/v2\/media?parent=3809"}],"wp:term":[{"taxonomy":"category","embeddable":true,"href":"http:\/\/www.radnotiiskola.hu\/new\/wp-json\/wp\/v2\/categories?post=3809"},{"taxonomy":"post_tag","embeddable":true,"href":"http:\/\/www.radnotiiskola.hu\/new\/wp-json\/wp\/v2\/tags?post=3809"}],"curies":[{"name":"wp","href":"https:\/\/api.w.org\/{rel}","templated":true}]}}