{"id":3819,"date":"2023-11-10T06:06:00","date_gmt":"2023-11-10T06:06:00","guid":{"rendered":"http:\/\/www.radnotiiskola.hu\/new\/?p=3819"},"modified":"2023-11-14T06:10:29","modified_gmt":"2023-11-14T06:10:29","slug":"marton-nap","status":"publish","type":"post","link":"http:\/\/www.radnotiiskola.hu\/new\/2023\/11\/10\/marton-nap\/","title":{"rendered":"M\u00e1rton nap"},"content":{"rendered":"\n<p style=\"text-align: justify;\"><img loading=\"lazy\" decoding=\"async\" class=\"size-medium wp-image-3820 alignright\" src=\"http:\/\/www.radnotiiskola.hu\/new\/wp-content\/uploads\/2023\/11\/380594710_347509857930909_5044235354951483710_n-300x225.jpg\" alt=\"\" width=\"300\" height=\"225\" srcset=\"http:\/\/www.radnotiiskola.hu\/new\/wp-content\/uploads\/2023\/11\/380594710_347509857930909_5044235354951483710_n-300x225.jpg 300w, http:\/\/www.radnotiiskola.hu\/new\/wp-content\/uploads\/2023\/11\/380594710_347509857930909_5044235354951483710_n-1024x768.jpg 1024w, http:\/\/www.radnotiiskola.hu\/new\/wp-content\/uploads\/2023\/11\/380594710_347509857930909_5044235354951483710_n-768x576.jpg 768w, http:\/\/www.radnotiiskola.hu\/new\/wp-content\/uploads\/2023\/11\/380594710_347509857930909_5044235354951483710_n-1536x1152.jpg 1536w, http:\/\/www.radnotiiskola.hu\/new\/wp-content\/uploads\/2023\/11\/380594710_347509857930909_5044235354951483710_n.jpg 2000w\" sizes=\"auto, (max-width: 300px) 100vw, 300px\" \/>M\u00e1rton nap alkalm\u00e1b\u00f3l n\u00e9met nyelvet tanul\u00f3 csoportjaink ell\u00e1togattak az als\u00f3s oszt\u00e1lyokba. Lampionos felvonul\u00e1sukon hagyom\u00e1nyos dalokat \u00e9nekeltek \u00e9s kis aj\u00e1nd\u00e9kkal kedveskedtek a kicsiknek. Ezt k\u00f6vet\u0151en a 7. a oszt\u00e1lyosok m\u0171sor\u00e1t hallgattuk meg a hangosbemond\u00f3n kereszt\u00fcl.<!--more--><\/p>\n<p style=\"text-align: justify;\">A program szervez\u0151i iskol\u00e1nk n\u00e9mettan\u00e1rai voltak.<\/p>\n<p><img loading=\"lazy\" decoding=\"async\" class=\"size-medium wp-image-3821 aligncenter\" src=\"http:\/\/www.radnotiiskola.hu\/new\/wp-content\/uploads\/2023\/11\/385520757_642326804771891_1380275472440029663_n-300x225.jpg\" alt=\"\" width=\"300\" height=\"225\" srcset=\"http:\/\/www.radnotiiskola.hu\/new\/wp-content\/uploads\/2023\/11\/385520757_642326804771891_1380275472440029663_n-300x225.jpg 300w, http:\/\/www.radnotiiskola.hu\/new\/wp-content\/uploads\/2023\/11\/385520757_642326804771891_1380275472440029663_n-1024x768.jpg 1024w, http:\/\/www.radnotiiskola.hu\/new\/wp-content\/uploads\/2023\/11\/385520757_642326804771891_1380275472440029663_n-768x576.jpg 768w, http:\/\/www.radnotiiskola.hu\/new\/wp-content\/uploads\/2023\/11\/385520757_642326804771891_1380275472440029663_n-1536x1152.jpg 1536w, http:\/\/www.radnotiiskola.hu\/new\/wp-content\/uploads\/2023\/11\/385520757_642326804771891_1380275472440029663_n.jpg 1632w\" sizes=\"auto, (max-width: 300px) 100vw, 300px\" \/> <img loading=\"lazy\" decoding=\"async\" class=\"size-medium wp-image-3822 aligncenter\" src=\"http:\/\/www.radnotiiskola.hu\/new\/wp-content\/uploads\/2023\/11\/385524061_657598126444431_2968882124872124133_n-300x225.jpg\" alt=\"\" width=\"300\" height=\"225\" srcset=\"http:\/\/www.radnotiiskola.hu\/new\/wp-content\/uploads\/2023\/11\/385524061_657598126444431_2968882124872124133_n-300x225.jpg 300w, http:\/\/www.radnotiiskola.hu\/new\/wp-content\/uploads\/2023\/11\/385524061_657598126444431_2968882124872124133_n-1024x768.jpg 1024w, http:\/\/www.radnotiiskola.hu\/new\/wp-content\/uploads\/2023\/11\/385524061_657598126444431_2968882124872124133_n-768x576.jpg 768w, http:\/\/www.radnotiiskola.hu\/new\/wp-content\/uploads\/2023\/11\/385524061_657598126444431_2968882124872124133_n-1536x1152.jpg 1536w, http:\/\/www.radnotiiskola.hu\/new\/wp-content\/uploads\/2023\/11\/385524061_657598126444431_2968882124872124133_n.jpg 2000w\" sizes=\"auto, (max-width: 300px) 100vw, 300px\" \/><img loading=\"lazy\" decoding=\"async\" class=\"size-medium wp-image-3823 aligncenter\" src=\"http:\/\/www.radnotiiskola.hu\/new\/wp-content\/uploads\/2023\/11\/385524058_1310536909652630_6319767349256238531_n-300x225.jpg\" alt=\"\" width=\"300\" height=\"225\" srcset=\"http:\/\/www.radnotiiskola.hu\/new\/wp-content\/uploads\/2023\/11\/385524058_1310536909652630_6319767349256238531_n-300x225.jpg 300w, http:\/\/www.radnotiiskola.hu\/new\/wp-content\/uploads\/2023\/11\/385524058_1310536909652630_6319767349256238531_n-1024x768.jpg 1024w, http:\/\/www.radnotiiskola.hu\/new\/wp-content\/uploads\/2023\/11\/385524058_1310536909652630_6319767349256238531_n-768x576.jpg 768w, http:\/\/www.radnotiiskola.hu\/new\/wp-content\/uploads\/2023\/11\/385524058_1310536909652630_6319767349256238531_n-1536x1152.jpg 1536w, http:\/\/www.radnotiiskola.hu\/new\/wp-content\/uploads\/2023\/11\/385524058_1310536909652630_6319767349256238531_n.jpg 1632w\" sizes=\"auto, (max-width: 300px) 100vw, 300px\" \/><\/p>\n","protected":false},"excerpt":{"rendered":"<p>M\u00e1rton nap alkalm\u00e1b\u00f3l n\u00e9met nyelvet tanul\u00f3 csoportjaink ell\u00e1togattak az als\u00f3s oszt\u00e1lyokba. Lampionos felvonul\u00e1sukon hagyom\u00e1nyos dalokat \u00e9nekeltek \u00e9s kis aj\u00e1nd\u00e9kkal kedveskedtek a kicsiknek. Ezt k\u00f6vet\u0151en a 7. a oszt\u00e1lyosok m\u0171sor\u00e1t hallgattuk meg a hangosbemond\u00f3n kereszt\u00fcl.<\/p>\n","protected":false},"author":4,"featured_media":0,"comment_status":"closed","ping_status":"open","sticky":false,"template":"","format":"standard","meta":{"ngg_post_thumbnail":0,"footnotes":""},"categories":[48],"tags":[],"class_list":["post-3819","post","type-post","status-publish","format-standard","hentry","category-esemenyek-2023"],"_links":{"self":[{"href":"http:\/\/www.radnotiiskola.hu\/new\/wp-json\/wp\/v2\/posts\/3819","targetHints":{"allow":["GET"]}}],"collection":[{"href":"http:\/\/www.radnotiiskola.hu\/new\/wp-json\/wp\/v2\/posts"}],"about":[{"href":"http:\/\/www.radnotiiskola.hu\/new\/wp-json\/wp\/v2\/types\/post"}],"author":[{"embeddable":true,"href":"http:\/\/www.radnotiiskola.hu\/new\/wp-json\/wp\/v2\/users\/4"}],"replies":[{"embeddable":true,"href":"http:\/\/www.radnotiiskola.hu\/new\/wp-json\/wp\/v2\/comments?post=3819"}],"version-history":[{"count":0,"href":"http:\/\/www.radnotiiskola.hu\/new\/wp-json\/wp\/v2\/posts\/3819\/revisions"}],"wp:attachment":[{"href":"http:\/\/www.radnotiiskola.hu\/new\/wp-json\/wp\/v2\/media?parent=3819"}],"wp:term":[{"taxonomy":"category","embeddable":true,"href":"http:\/\/www.radnotiiskola.hu\/new\/wp-json\/wp\/v2\/categories?post=3819"},{"taxonomy":"post_tag","embeddable":true,"href":"http:\/\/www.radnotiiskola.hu\/new\/wp-json\/wp\/v2\/tags?post=3819"}],"curies":[{"name":"wp","href":"https:\/\/api.w.org\/{rel}","templated":true}]}}