{"id":3842,"date":"2023-12-07T11:10:00","date_gmt":"2023-12-07T11:10:00","guid":{"rendered":"http:\/\/www.radnotiiskola.hu\/new\/?p=3842"},"modified":"2023-12-11T11:15:37","modified_gmt":"2023-12-11T11:15:37","slug":"mikulas-latogatasa-iskolankban-2","status":"publish","type":"post","link":"http:\/\/www.radnotiiskola.hu\/new\/2023\/12\/07\/mikulas-latogatasa-iskolankban-2\/","title":{"rendered":"MIKUL\u00c1S L\u00c1TOGAT\u00c1SA ISKOL\u00c1NKBAN"},"content":{"rendered":"\n<p style=\"text-align: center;\"><em>J\u00f3nak lenni j\u00f3!<\/em><\/p>\n<p style=\"text-align: justify;\"><img loading=\"lazy\" decoding=\"async\" class=\"wp-image-3843 size-medium alignleft\" src=\"http:\/\/www.radnotiiskola.hu\/new\/wp-content\/uploads\/2023\/12\/393103242_1053326682371892_338523909856239007_n-300x225.jpg\" alt=\"\" width=\"300\" height=\"225\" srcset=\"http:\/\/www.radnotiiskola.hu\/new\/wp-content\/uploads\/2023\/12\/393103242_1053326682371892_338523909856239007_n-300x225.jpg 300w, http:\/\/www.radnotiiskola.hu\/new\/wp-content\/uploads\/2023\/12\/393103242_1053326682371892_338523909856239007_n-1024x767.jpg 1024w, http:\/\/www.radnotiiskola.hu\/new\/wp-content\/uploads\/2023\/12\/393103242_1053326682371892_338523909856239007_n-768x575.jpg 768w, http:\/\/www.radnotiiskola.hu\/new\/wp-content\/uploads\/2023\/12\/393103242_1053326682371892_338523909856239007_n-1536x1150.jpg 1536w, http:\/\/www.radnotiiskola.hu\/new\/wp-content\/uploads\/2023\/12\/393103242_1053326682371892_338523909856239007_n.jpg 2008w\" sizes=\"auto, (max-width: 300px) 100vw, 300px\" \/>Az advent sz\u00f3 jelent\u00e9se elj\u00f6vetel. Iskol\u00e1nkban mi is megpr\u00f3b\u00e1lunk ebben az id\u0151szakban elcs\u00f6ndesedni, egym\u00e1sra jobban odafigyelni, sz\u00edv\u00fcnket kit\u00e1rva a m\u00e1sik fel\u00e9.<br>Az advent nyit\u00f3 \u00fcnnepe egyed\u00fcl a gyermekek\u00e9. Akik december 6-ra kif\u00e9nyes\u00edtik csizm\u00e1csk\u00e1ikat \u00e9s kiteszik az ablakba, hogy abba tegye Mikul\u00e1s meglepet\u00e9s aj\u00e1nd\u00e9kait.<!--more--><br>\u0150t l\u00e1tni term\u00e9szetesen nem fogj\u00e1k, hisz mostan\u00e1ban m\u00e1r nagyon kor\u00e1n s\u00f6t\u00e9tedik. A Mikul\u00e1s pedig nagyon gyorsan j\u00f6n \u00e9s egy pillanat alatt m\u00e1r tova is siet sz\u00e1nj\u00e1val, mert egy \u00e9jszaka alatt a vil\u00e1g \u00f6sszes gyermek\u00e9t meg kell, hogy l\u00e1togassa. Amelyik gyerek azonban nagyon szerencs\u00e9s, az szem\u00e9lyesen is tal\u00e1lkozhat vele.&nbsp;<\/p>\n<p style=\"text-align: justify;\"><img loading=\"lazy\" decoding=\"async\" class=\"size-medium wp-image-3844 alignright\" src=\"http:\/\/www.radnotiiskola.hu\/new\/wp-content\/uploads\/2023\/12\/403772664_664579715707277_1149750161543115693_n-225x300.jpg\" alt=\"\" width=\"225\" height=\"300\" srcset=\"http:\/\/www.radnotiiskola.hu\/new\/wp-content\/uploads\/2023\/12\/403772664_664579715707277_1149750161543115693_n-225x300.jpg 225w, http:\/\/www.radnotiiskola.hu\/new\/wp-content\/uploads\/2023\/12\/403772664_664579715707277_1149750161543115693_n-768x1024.jpg 768w, http:\/\/www.radnotiiskola.hu\/new\/wp-content\/uploads\/2023\/12\/403772664_664579715707277_1149750161543115693_n.jpg 828w\" sizes=\"auto, (max-width: 225px) 100vw, 225px\" \/>\u00cdgy volt ez a radn\u00f3tis kisdi\u00e1kokkal is. S\u00fct\u00f6rin\u00e9 Ildi n\u00e9ni egy levelet \u00edrt Mikul\u00e1snak, melyben arra k\u00e9rte, hogy l\u00e1togasson el iskol\u00e1nkba. S ahogy lenni szokott, a b\u00f6lcs \u00f6reg teljes\u00edtette is ezt a k\u00edv\u00e1ns\u00e1got. \u00c9jszaka leple alatt m\u00e9g a h\u00f3 is leesett, hogy megk\u00f6nny\u00edtse sz\u00e1nj\u00e1nak suhan\u00e1s\u00e1t.<br>A gyerekek nagyon \u00f6r\u00fcltek a v\u00e1ratlan vend\u00e9gnek. &nbsp;S hogy kipihenje utaz\u00e1sa f\u00e1radalmait, \u00e9nekkel \u00e9s verssel \u00f6rvendeztett\u00e9k meg a j\u00f3s\u00e1gos \u00f6regembert.<br>Meghallgattuk a \u201eHull a h\u00f3, de csod\u00e1s\u201d, a \u201eV\u00e1runk r\u00e1d T\u00e9lap\u00f3\u201d, a \u201eLev\u00e9l a Mikul\u00e1snak\u201d, c. dalokat. Elverselt\u00e9k Mentovics \u00c9va: T\u00e9lap\u00f3 az oviban, Homoki Zsuzsa: A Mikul\u00e1s aj\u00e1nd\u00e9ka, B\u00f3dai-So\u00f3s Judit: Ha \u00e9n lenn\u00e9k, T\u00f3th Anna: T\u00e9lap\u00f3 c. vers vid\u00e1m, kedves sorait.<br>Mikul\u00e1snak nagyon tetszett valamennyi produkci\u00f3, s viszonz\u00e1sul minden als\u00f3sr\u00f3l felolvasta a mindent l\u00e1t\u00f3 k\u00f6nyv\u00e9b\u0151l, hogy kir\u0151l mi j\u00f3t, s rosszat hallott, s term\u00e9szetesen szaloncukor is el\u0151ker\u00fclt Mikul\u00e1s zs\u00e1kj\u00e1b\u00f3l jutalmaz\u00e1sk\u00e9nt.<\/p>\n<p style=\"text-align: justify;\">S v\u00e9g\u00fcl meg\u00edg\u00e9rte, hogy j\u00f6v\u0151re \u00fajra ell\u00e1togat a radn\u00f3tis kisdi\u00e1kokhoz!<br>Az esem\u00e9ny f\u00e9nyk\u00e9pei <a href=\"https:\/\/drive.google.com\/drive\/folders\/1H5TfYVlR9AMTUBkZb3zMWf-fkwcAgOSm?usp=sharing\">ITT<\/a> megtekinthet\u0151k!&nbsp;<\/p>\n<p style=\"text-align: justify;\">&nbsp;<\/p>\n<p style=\"text-align: justify;\">Szervez\u0151:<br>S\u00fct\u00f6rin\u00e9 Hada Ildik\u00f3<br>als\u00f3s munkak\u00f6z\u00f6ss\u00e9g-vezet\u0151<\/p>\n","protected":false},"excerpt":{"rendered":"<p>J\u00f3nak lenni j\u00f3! Az advent sz\u00f3 jelent\u00e9se elj\u00f6vetel. Iskol\u00e1nkban mi is megpr\u00f3b\u00e1lunk ebben az id\u0151szakban elcs\u00f6ndesedni, egym\u00e1sra jobban odafigyelni, sz\u00edv\u00fcnket kit\u00e1rva a m\u00e1sik fel\u00e9.Az advent nyit\u00f3 \u00fcnnepe egyed\u00fcl a gyermekek\u00e9. Akik december 6-ra kif\u00e9nyes\u00edtik csizm\u00e1csk\u00e1ikat \u00e9s kiteszik az ablakba, hogy abba tegye Mikul\u00e1s meglepet\u00e9s aj\u00e1nd\u00e9kait.<\/p>\n","protected":false},"author":4,"featured_media":0,"comment_status":"closed","ping_status":"open","sticky":false,"template":"","format":"standard","meta":{"ngg_post_thumbnail":0,"footnotes":""},"categories":[48],"tags":[],"class_list":["post-3842","post","type-post","status-publish","format-standard","hentry","category-esemenyek-2023"],"_links":{"self":[{"href":"http:\/\/www.radnotiiskola.hu\/new\/wp-json\/wp\/v2\/posts\/3842","targetHints":{"allow":["GET"]}}],"collection":[{"href":"http:\/\/www.radnotiiskola.hu\/new\/wp-json\/wp\/v2\/posts"}],"about":[{"href":"http:\/\/www.radnotiiskola.hu\/new\/wp-json\/wp\/v2\/types\/post"}],"author":[{"embeddable":true,"href":"http:\/\/www.radnotiiskola.hu\/new\/wp-json\/wp\/v2\/users\/4"}],"replies":[{"embeddable":true,"href":"http:\/\/www.radnotiiskola.hu\/new\/wp-json\/wp\/v2\/comments?post=3842"}],"version-history":[{"count":0,"href":"http:\/\/www.radnotiiskola.hu\/new\/wp-json\/wp\/v2\/posts\/3842\/revisions"}],"wp:attachment":[{"href":"http:\/\/www.radnotiiskola.hu\/new\/wp-json\/wp\/v2\/media?parent=3842"}],"wp:term":[{"taxonomy":"category","embeddable":true,"href":"http:\/\/www.radnotiiskola.hu\/new\/wp-json\/wp\/v2\/categories?post=3842"},{"taxonomy":"post_tag","embeddable":true,"href":"http:\/\/www.radnotiiskola.hu\/new\/wp-json\/wp\/v2\/tags?post=3842"}],"curies":[{"name":"wp","href":"https:\/\/api.w.org\/{rel}","templated":true}]}}