{"id":3855,"date":"2023-12-20T07:24:00","date_gmt":"2023-12-20T07:24:00","guid":{"rendered":"http:\/\/www.radnotiiskola.hu\/new\/?p=3855"},"modified":"2024-01-09T07:30:53","modified_gmt":"2024-01-09T07:30:53","slug":"szepkiejtes-verseny","status":"publish","type":"post","link":"http:\/\/www.radnotiiskola.hu\/new\/2023\/12\/20\/szepkiejtes-verseny\/","title":{"rendered":"Sz\u00e9pkiejt\u00e9s verseny"},"content":{"rendered":"\n<div style=\"text-align: justify;\"><img loading=\"lazy\" decoding=\"async\" class=\"size-medium wp-image-3856 alignright\" src=\"http:\/\/www.radnotiiskola.hu\/new\/wp-content\/uploads\/2024\/01\/image1-300x225.jpeg\" alt=\"\" width=\"300\" height=\"225\" srcset=\"http:\/\/www.radnotiiskola.hu\/new\/wp-content\/uploads\/2024\/01\/image1-300x225.jpeg 300w, http:\/\/www.radnotiiskola.hu\/new\/wp-content\/uploads\/2024\/01\/image1.jpeg 640w\" sizes=\"auto, (max-width: 300px) 100vw, 300px\" \/>December 19-\u00e9n rendezt\u00fck meg az iskolai k\u00f6nyvt\u00e1rban a sz\u00e9pkiejt\u00e9si&nbsp;verseny iskolai fordul\u00f3j\u00e1t.<\/div>\n<div style=\"text-align: justify;\">Als\u00f3ban \u00e9s fels\u0151ben is k\u00fcl\u00f6n d\u00edjaztuk a legjobbakat, a k\u00f6vetkez\u0151, megyei fordul\u00f3ba:<\/div>\n<div style=\"text-align: justify;\">\u00c1rp\u00e1si Amanda 7.a \u00e9s<\/div>\n<div style=\"text-align: justify;\">Kelemeny Kincs\u0151 6. a<\/div>\n<div style=\"text-align: justify;\">oszt\u00e1lyos tanul\u00f3 jutottak tov\u00e1bb.<\/div>\n<p><!--more-->R\u00e9sztvev\u0151k:<br>2. a Balogh Patr\u00edcia,&nbsp; Kiss Marcell<br>3.a Kors\u00f3s Regina<br>4.a Grosik Em\u00edlia<br>5.a K\u00f3sz\u00f3 Em\u00edlia, Gajdos M\u00e1t\u00e9<br>6.a Kelemeny Kincs\u0151, Fogarasi Zorka, Sikl\u00f3si Anna, Steinh\u0151fer Szonja<br>7.a \u00c1rp\u00e1si Amanda, Horv\u00e1th M\u00e1t\u00e9<\/p>\n<p><img loading=\"lazy\" decoding=\"async\" class=\"alignnone size-full wp-image-3857\" src=\"http:\/\/www.radnotiiskola.hu\/new\/wp-content\/uploads\/2024\/01\/image0.jpeg\" alt=\"\" width=\"640\" height=\"480\" srcset=\"http:\/\/www.radnotiiskola.hu\/new\/wp-content\/uploads\/2024\/01\/image0.jpeg 640w, http:\/\/www.radnotiiskola.hu\/new\/wp-content\/uploads\/2024\/01\/image0-300x225.jpeg 300w\" sizes=\"auto, (max-width: 640px) 100vw, 640px\" \/><\/p>\n<div>\n<div>&nbsp;<\/div>\n<\/div>\n<div>&nbsp;<\/div>\n","protected":false},"excerpt":{"rendered":"<p>December 19-\u00e9n rendezt\u00fck meg az iskolai k\u00f6nyvt\u00e1rban a sz\u00e9pkiejt\u00e9si&nbsp;verseny iskolai fordul\u00f3j\u00e1t. Als\u00f3ban \u00e9s fels\u0151ben is k\u00fcl\u00f6n d\u00edjaztuk a legjobbakat, a k\u00f6vetkez\u0151, megyei fordul\u00f3ba: \u00c1rp\u00e1si Amanda 7.a \u00e9s Kelemeny Kincs\u0151 6. a oszt\u00e1lyos tanul\u00f3 jutottak tov\u00e1bb.<\/p>\n","protected":false},"author":4,"featured_media":0,"comment_status":"closed","ping_status":"open","sticky":false,"template":"","format":"standard","meta":{"ngg_post_thumbnail":0,"footnotes":""},"categories":[54],"tags":[],"class_list":["post-3855","post","type-post","status-publish","format-standard","hentry","category-eredmenyek-2024"],"_links":{"self":[{"href":"http:\/\/www.radnotiiskola.hu\/new\/wp-json\/wp\/v2\/posts\/3855","targetHints":{"allow":["GET"]}}],"collection":[{"href":"http:\/\/www.radnotiiskola.hu\/new\/wp-json\/wp\/v2\/posts"}],"about":[{"href":"http:\/\/www.radnotiiskola.hu\/new\/wp-json\/wp\/v2\/types\/post"}],"author":[{"embeddable":true,"href":"http:\/\/www.radnotiiskola.hu\/new\/wp-json\/wp\/v2\/users\/4"}],"replies":[{"embeddable":true,"href":"http:\/\/www.radnotiiskola.hu\/new\/wp-json\/wp\/v2\/comments?post=3855"}],"version-history":[{"count":0,"href":"http:\/\/www.radnotiiskola.hu\/new\/wp-json\/wp\/v2\/posts\/3855\/revisions"}],"wp:attachment":[{"href":"http:\/\/www.radnotiiskola.hu\/new\/wp-json\/wp\/v2\/media?parent=3855"}],"wp:term":[{"taxonomy":"category","embeddable":true,"href":"http:\/\/www.radnotiiskola.hu\/new\/wp-json\/wp\/v2\/categories?post=3855"},{"taxonomy":"post_tag","embeddable":true,"href":"http:\/\/www.radnotiiskola.hu\/new\/wp-json\/wp\/v2\/tags?post=3855"}],"curies":[{"name":"wp","href":"https:\/\/api.w.org\/{rel}","templated":true}]}}