{"id":3873,"date":"2024-01-22T11:58:52","date_gmt":"2024-01-22T11:58:52","guid":{"rendered":"http:\/\/www.radnotiiskola.hu\/new\/?p=3873"},"modified":"2024-01-22T11:58:52","modified_gmt":"2024-01-22T11:58:52","slug":"belvarosi-sulivaro-34","status":"publish","type":"post","link":"http:\/\/www.radnotiiskola.hu\/new\/2024\/01\/22\/belvarosi-sulivaro-34\/","title":{"rendered":"BELV\u00c1ROSI SULIV\u00c1R\u00d3"},"content":{"rendered":"\n<p style=\"text-align: justify;\"><strong><em>JANU\u00c1R 24.<br><\/em><\/strong><img loading=\"lazy\" decoding=\"async\" class=\"size-medium wp-image-3002 alignright\" src=\"http:\/\/www.radnotiiskola.hu\/new\/wp-content\/uploads\/2022\/03\/Our-Top-10-Songs-About-School-768x569-1-300x222.png\" alt=\"\" width=\"300\" height=\"222\" srcset=\"http:\/\/www.radnotiiskola.hu\/new\/wp-content\/uploads\/2022\/03\/Our-Top-10-Songs-About-School-768x569-1-300x222.png 300w, http:\/\/www.radnotiiskola.hu\/new\/wp-content\/uploads\/2022\/03\/Our-Top-10-Songs-About-School-768x569-1.png 768w\" sizes=\"auto, (max-width: 300px) 100vw, 300px\" \/>A j\u00e1t\u00e9kos, mozg\u00e1sos, bar\u00e1ts\u00e1gos l\u00e9gk\u00f6r\u0171 foglalkoz\u00e1sainkon fejlesztj\u00fck, er\u0151s\u00edtj\u00fck az iskol\u00e1ba k\u00e9sz\u00fcl\u0151 gyerekek azon k\u00e9pess\u00e9geit, melyek az els\u0151 oszt\u00e1ly sikeres, z\u00f6kken\u0151mentes kezd\u00e9s\u00e9hez sz\u00fcks\u00e9gesek.<br>A foglalkoz\u00e1s 15:30-t\u00f3l 16:15-ig tart.&nbsp;&nbsp; <!--more-->&nbsp; &nbsp; &nbsp; &nbsp;<\/p>\n<p style=\"text-align: justify;\"><strong>A foglalkoz\u00e1s t\u00e9<\/strong><strong>m\u00e1ja:<br><\/strong>J\u00e1t\u00e9k a sz\u00ednekkel, sz\u00e1mokkal, form\u00e1kkal.<br>Csilla n\u00e9ni v\u00e1rja sok szeretettel az \u00f3vod\u00e1s kisgyermekeket.<\/p>\n","protected":false},"excerpt":{"rendered":"<p>JANU\u00c1R 24.A j\u00e1t\u00e9kos, mozg\u00e1sos, bar\u00e1ts\u00e1gos l\u00e9gk\u00f6r\u0171 foglalkoz\u00e1sainkon fejlesztj\u00fck, er\u0151s\u00edtj\u00fck az iskol\u00e1ba k\u00e9sz\u00fcl\u0151 gyerekek azon k\u00e9pess\u00e9geit, melyek az els\u0151 oszt\u00e1ly sikeres, z\u00f6kken\u0151mentes kezd\u00e9s\u00e9hez sz\u00fcks\u00e9gesek.A foglalkoz\u00e1s 15:30-t\u00f3l 16:15-ig tart.&nbsp;&nbsp;<\/p>\n","protected":false},"author":4,"featured_media":0,"comment_status":"closed","ping_status":"open","sticky":false,"template":"","format":"standard","meta":{"ngg_post_thumbnail":0,"footnotes":""},"categories":[55],"tags":[],"class_list":["post-3873","post","type-post","status-publish","format-standard","hentry","category-felhivasok-2024"],"_links":{"self":[{"href":"http:\/\/www.radnotiiskola.hu\/new\/wp-json\/wp\/v2\/posts\/3873","targetHints":{"allow":["GET"]}}],"collection":[{"href":"http:\/\/www.radnotiiskola.hu\/new\/wp-json\/wp\/v2\/posts"}],"about":[{"href":"http:\/\/www.radnotiiskola.hu\/new\/wp-json\/wp\/v2\/types\/post"}],"author":[{"embeddable":true,"href":"http:\/\/www.radnotiiskola.hu\/new\/wp-json\/wp\/v2\/users\/4"}],"replies":[{"embeddable":true,"href":"http:\/\/www.radnotiiskola.hu\/new\/wp-json\/wp\/v2\/comments?post=3873"}],"version-history":[{"count":0,"href":"http:\/\/www.radnotiiskola.hu\/new\/wp-json\/wp\/v2\/posts\/3873\/revisions"}],"wp:attachment":[{"href":"http:\/\/www.radnotiiskola.hu\/new\/wp-json\/wp\/v2\/media?parent=3873"}],"wp:term":[{"taxonomy":"category","embeddable":true,"href":"http:\/\/www.radnotiiskola.hu\/new\/wp-json\/wp\/v2\/categories?post=3873"},{"taxonomy":"post_tag","embeddable":true,"href":"http:\/\/www.radnotiiskola.hu\/new\/wp-json\/wp\/v2\/tags?post=3873"}],"curies":[{"name":"wp","href":"https:\/\/api.w.org\/{rel}","templated":true}]}}