{"id":3896,"date":"2024-01-26T08:19:00","date_gmt":"2024-01-26T08:19:00","guid":{"rendered":"http:\/\/www.radnotiiskola.hu\/new\/?p=3896"},"modified":"2024-02-08T08:24:05","modified_gmt":"2024-02-08T08:24:05","slug":"jegnap-3","status":"publish","type":"post","link":"http:\/\/www.radnotiiskola.hu\/new\/2024\/01\/26\/jegnap-3\/","title":{"rendered":"J\u00e9gnap"},"content":{"rendered":"\n<div style=\"text-align: justify;\"><img loading=\"lazy\" decoding=\"async\" class=\"size-medium wp-image-3897 alignright\" src=\"http:\/\/www.radnotiiskola.hu\/new\/wp-content\/uploads\/2024\/02\/fa6f21a8-43dc-4509-9edb-4e863eb1889f-225x300.jpg\" alt=\"\" width=\"225\" height=\"300\" srcset=\"http:\/\/www.radnotiiskola.hu\/new\/wp-content\/uploads\/2024\/02\/fa6f21a8-43dc-4509-9edb-4e863eb1889f-225x300.jpg 225w, http:\/\/www.radnotiiskola.hu\/new\/wp-content\/uploads\/2024\/02\/fa6f21a8-43dc-4509-9edb-4e863eb1889f-768x1024.jpg 768w, http:\/\/www.radnotiiskola.hu\/new\/wp-content\/uploads\/2024\/02\/fa6f21a8-43dc-4509-9edb-4e863eb1889f-1152x1536.jpg 1152w, http:\/\/www.radnotiiskola.hu\/new\/wp-content\/uploads\/2024\/02\/fa6f21a8-43dc-4509-9edb-4e863eb1889f.jpg 1536w\" sizes=\"auto, (max-width: 225px) 100vw, 225px\" \/>D\u00d6K program keret\u00e9ben ism\u00e9t megrendez\u00e9sre ker\u00fclt az iskolai j\u00e9gnap 2024.01.26-\u00e1n.&nbsp;<\/div>\n<div style=\"text-align: justify;\">Az als\u00f3sok a belv\u00e1rosi j\u00e9gp\u00e1ly\u00e1kon suhantak m\u00e1sf\u00e9l \u00f3r\u00e1t, szuper id\u0151ben, j\u00f3 hangulatban.<\/div>\n<div style=\"text-align: justify;\">A fels\u0151s\u00f6k busszal mentek a kisk\u00fati j\u00e9gp\u00e1ly\u00e1ra, ahol v\u00e9g\u00fcl szerencs\u00e9sen mindenkinek jutott korcsolya \u00e9s a nagy p\u00e1ly\u00e1n m\u00e1sf\u00e9l&nbsp;\u00f3r\u00e1t mindenki tudott a j\u00e9gen lenni. Sokan most voltak el\u0151sz\u00f6r, de t\u00f6bben m\u00e1r nagyon \u00fcgyesek. Mindannyian \u00e9lvezt\u00fck ezt a napot, eg\u00e9szs\u00e9gben \u00e9s s\u00e9r\u00fcl\u00e9smentesen \u00e9rkezt\u00fcnk vissza az iskol\u00e1ba.<\/div>\n<div>\n<div>&nbsp;<\/div>\n<div style=\"text-align: justify;\">A nap szervez\u0151je: Harcs\u00e1n\u00e9 Auerbach Petra<\/div>\n<\/div>\n<p><!--more--><\/p>\n<div style=\"text-align: justify;\">&nbsp;<\/div>\n<div><img loading=\"lazy\" decoding=\"async\" class=\"alignnone size-medium wp-image-3898\" src=\"http:\/\/www.radnotiiskola.hu\/new\/wp-content\/uploads\/2024\/02\/6356ad17-3a54-4ef8-8faf-e479490bf0b3-300x225.jpg\" alt=\"\" width=\"300\" height=\"225\" srcset=\"http:\/\/www.radnotiiskola.hu\/new\/wp-content\/uploads\/2024\/02\/6356ad17-3a54-4ef8-8faf-e479490bf0b3-300x225.jpg 300w, http:\/\/www.radnotiiskola.hu\/new\/wp-content\/uploads\/2024\/02\/6356ad17-3a54-4ef8-8faf-e479490bf0b3-1024x768.jpg 1024w, http:\/\/www.radnotiiskola.hu\/new\/wp-content\/uploads\/2024\/02\/6356ad17-3a54-4ef8-8faf-e479490bf0b3-768x576.jpg 768w, http:\/\/www.radnotiiskola.hu\/new\/wp-content\/uploads\/2024\/02\/6356ad17-3a54-4ef8-8faf-e479490bf0b3-1536x1152.jpg 1536w, http:\/\/www.radnotiiskola.hu\/new\/wp-content\/uploads\/2024\/02\/6356ad17-3a54-4ef8-8faf-e479490bf0b3.jpg 2048w\" sizes=\"auto, (max-width: 300px) 100vw, 300px\" \/> <img loading=\"lazy\" decoding=\"async\" class=\"alignnone size-medium wp-image-3899\" src=\"http:\/\/www.radnotiiskola.hu\/new\/wp-content\/uploads\/2024\/02\/65453ce6-25de-4b41-ad63-cf51d9e4fe55-225x300.jpg\" alt=\"\" width=\"225\" height=\"300\" srcset=\"http:\/\/www.radnotiiskola.hu\/new\/wp-content\/uploads\/2024\/02\/65453ce6-25de-4b41-ad63-cf51d9e4fe55-225x300.jpg 225w, http:\/\/www.radnotiiskola.hu\/new\/wp-content\/uploads\/2024\/02\/65453ce6-25de-4b41-ad63-cf51d9e4fe55-768x1024.jpg 768w, http:\/\/www.radnotiiskola.hu\/new\/wp-content\/uploads\/2024\/02\/65453ce6-25de-4b41-ad63-cf51d9e4fe55-1152x1536.jpg 1152w, http:\/\/www.radnotiiskola.hu\/new\/wp-content\/uploads\/2024\/02\/65453ce6-25de-4b41-ad63-cf51d9e4fe55.jpg 1536w\" sizes=\"auto, (max-width: 225px) 100vw, 225px\" \/><\/div>\n<div><img loading=\"lazy\" decoding=\"async\" class=\"alignnone size-medium wp-image-3900\" src=\"http:\/\/www.radnotiiskola.hu\/new\/wp-content\/uploads\/2024\/02\/882cea9b-5a4f-4043-8935-b1ca4fe2fc88-300x225.jpg\" alt=\"\" width=\"300\" height=\"225\" srcset=\"http:\/\/www.radnotiiskola.hu\/new\/wp-content\/uploads\/2024\/02\/882cea9b-5a4f-4043-8935-b1ca4fe2fc88-300x225.jpg 300w, http:\/\/www.radnotiiskola.hu\/new\/wp-content\/uploads\/2024\/02\/882cea9b-5a4f-4043-8935-b1ca4fe2fc88-1024x768.jpg 1024w, http:\/\/www.radnotiiskola.hu\/new\/wp-content\/uploads\/2024\/02\/882cea9b-5a4f-4043-8935-b1ca4fe2fc88-768x576.jpg 768w, http:\/\/www.radnotiiskola.hu\/new\/wp-content\/uploads\/2024\/02\/882cea9b-5a4f-4043-8935-b1ca4fe2fc88-1536x1152.jpg 1536w, http:\/\/www.radnotiiskola.hu\/new\/wp-content\/uploads\/2024\/02\/882cea9b-5a4f-4043-8935-b1ca4fe2fc88.jpg 2048w\" sizes=\"auto, (max-width: 300px) 100vw, 300px\" \/> <img loading=\"lazy\" decoding=\"async\" class=\"alignnone size-medium wp-image-3901\" src=\"http:\/\/www.radnotiiskola.hu\/new\/wp-content\/uploads\/2024\/02\/039f3077-2864-4909-ae5a-81b224769771-225x300.jpg\" alt=\"\" width=\"225\" height=\"300\" srcset=\"http:\/\/www.radnotiiskola.hu\/new\/wp-content\/uploads\/2024\/02\/039f3077-2864-4909-ae5a-81b224769771-225x300.jpg 225w, http:\/\/www.radnotiiskola.hu\/new\/wp-content\/uploads\/2024\/02\/039f3077-2864-4909-ae5a-81b224769771-768x1024.jpg 768w, http:\/\/www.radnotiiskola.hu\/new\/wp-content\/uploads\/2024\/02\/039f3077-2864-4909-ae5a-81b224769771-1152x1536.jpg 1152w, http:\/\/www.radnotiiskola.hu\/new\/wp-content\/uploads\/2024\/02\/039f3077-2864-4909-ae5a-81b224769771.jpg 1536w\" sizes=\"auto, (max-width: 225px) 100vw, 225px\" \/> <img loading=\"lazy\" decoding=\"async\" class=\"alignnone size-medium wp-image-3902\" src=\"http:\/\/www.radnotiiskola.hu\/new\/wp-content\/uploads\/2024\/02\/e204a225-96c7-4b12-8001-8b0712f90245-225x300.jpg\" alt=\"\" width=\"225\" height=\"300\" srcset=\"http:\/\/www.radnotiiskola.hu\/new\/wp-content\/uploads\/2024\/02\/e204a225-96c7-4b12-8001-8b0712f90245-225x300.jpg 225w, http:\/\/www.radnotiiskola.hu\/new\/wp-content\/uploads\/2024\/02\/e204a225-96c7-4b12-8001-8b0712f90245-768x1024.jpg 768w, http:\/\/www.radnotiiskola.hu\/new\/wp-content\/uploads\/2024\/02\/e204a225-96c7-4b12-8001-8b0712f90245-1152x1536.jpg 1152w, http:\/\/www.radnotiiskola.hu\/new\/wp-content\/uploads\/2024\/02\/e204a225-96c7-4b12-8001-8b0712f90245.jpg 1536w\" sizes=\"auto, (max-width: 225px) 100vw, 225px\" \/>&nbsp; &nbsp; &nbsp; &nbsp; &nbsp; &nbsp; &nbsp; &nbsp; &nbsp; &nbsp;<img loading=\"lazy\" decoding=\"async\" class=\"alignnone size-medium wp-image-3903\" src=\"http:\/\/www.radnotiiskola.hu\/new\/wp-content\/uploads\/2024\/02\/3d3e9ebd-b543-459c-bd6b-eed376ac40d2-225x300.jpg\" alt=\"\" width=\"225\" height=\"300\" srcset=\"http:\/\/www.radnotiiskola.hu\/new\/wp-content\/uploads\/2024\/02\/3d3e9ebd-b543-459c-bd6b-eed376ac40d2-225x300.jpg 225w, http:\/\/www.radnotiiskola.hu\/new\/wp-content\/uploads\/2024\/02\/3d3e9ebd-b543-459c-bd6b-eed376ac40d2-768x1024.jpg 768w, http:\/\/www.radnotiiskola.hu\/new\/wp-content\/uploads\/2024\/02\/3d3e9ebd-b543-459c-bd6b-eed376ac40d2-1152x1536.jpg 1152w, http:\/\/www.radnotiiskola.hu\/new\/wp-content\/uploads\/2024\/02\/3d3e9ebd-b543-459c-bd6b-eed376ac40d2.jpg 1536w\" sizes=\"auto, (max-width: 225px) 100vw, 225px\" \/><\/div>\n","protected":false},"excerpt":{"rendered":"<p>D\u00d6K program keret\u00e9ben ism\u00e9t megrendez\u00e9sre ker\u00fclt az iskolai j\u00e9gnap 2024.01.26-\u00e1n.&nbsp; Az als\u00f3sok a belv\u00e1rosi j\u00e9gp\u00e1ly\u00e1kon suhantak m\u00e1sf\u00e9l \u00f3r\u00e1t, szuper id\u0151ben, j\u00f3 hangulatban. A fels\u0151s\u00f6k busszal mentek a kisk\u00fati j\u00e9gp\u00e1ly\u00e1ra, ahol v\u00e9g\u00fcl szerencs\u00e9sen mindenkinek jutott korcsolya \u00e9s a nagy p\u00e1ly\u00e1n m\u00e1sf\u00e9l&nbsp;\u00f3r\u00e1t mindenki tudott a j\u00e9gen lenni. Sokan most voltak el\u0151sz\u00f6r, de t\u00f6bben m\u00e1r nagyon \u00fcgyesek. Mindannyian [&hellip;]<\/p>\n","protected":false},"author":4,"featured_media":0,"comment_status":"closed","ping_status":"open","sticky":false,"template":"","format":"standard","meta":{"ngg_post_thumbnail":0,"footnotes":""},"categories":[28],"tags":[],"class_list":["post-3896","post","type-post","status-publish","format-standard","hentry","category-esemenyek-2019"],"_links":{"self":[{"href":"http:\/\/www.radnotiiskola.hu\/new\/wp-json\/wp\/v2\/posts\/3896","targetHints":{"allow":["GET"]}}],"collection":[{"href":"http:\/\/www.radnotiiskola.hu\/new\/wp-json\/wp\/v2\/posts"}],"about":[{"href":"http:\/\/www.radnotiiskola.hu\/new\/wp-json\/wp\/v2\/types\/post"}],"author":[{"embeddable":true,"href":"http:\/\/www.radnotiiskola.hu\/new\/wp-json\/wp\/v2\/users\/4"}],"replies":[{"embeddable":true,"href":"http:\/\/www.radnotiiskola.hu\/new\/wp-json\/wp\/v2\/comments?post=3896"}],"version-history":[{"count":0,"href":"http:\/\/www.radnotiiskola.hu\/new\/wp-json\/wp\/v2\/posts\/3896\/revisions"}],"wp:attachment":[{"href":"http:\/\/www.radnotiiskola.hu\/new\/wp-json\/wp\/v2\/media?parent=3896"}],"wp:term":[{"taxonomy":"category","embeddable":true,"href":"http:\/\/www.radnotiiskola.hu\/new\/wp-json\/wp\/v2\/categories?post=3896"},{"taxonomy":"post_tag","embeddable":true,"href":"http:\/\/www.radnotiiskola.hu\/new\/wp-json\/wp\/v2\/tags?post=3896"}],"curies":[{"name":"wp","href":"https:\/\/api.w.org\/{rel}","templated":true}]}}